{"id":486991,"date":"2017-07-05T16:36:30","date_gmt":"2017-07-05T21:36:30","guid":{"rendered":"https:\/\/www.futboltotal.com.mx\/?p=486991"},"modified":"2017-07-05T16:36:30","modified_gmt":"2017-07-05T21:36:30","slug":"enzo-zidane-pide-lo-comparen-padre","status":"publish","type":"post","link":"http:\/\/desarrollo.grupomedios.com\/futbol\/futbol-internacional\/enzo-zidane-pide-lo-comparen-padre\/2017\/07","title":{"rendered":"Enzo Zidane pide que no lo comparen con su padre"},"content":{"rendered":"<p>El mediocampista franc\u00e9s <strong>Enzo Zidane<\/strong>, hijo del actual entrenador del Real Madrid, fue presentado como nuevo jugador de <strong>Deportivo Alav\u00e9s<\/strong> y pidi\u00f3 que no se le compare con su padre, ya que &#8220;\u00e9l es diferente&#8221;.<\/p>\n<p>Enzo\u00a0de 22 a\u00f1os, llega al club vasco -con el que ha fichado por las pr\u00f3ximas tres temporadas- tras haberse formado en las categor\u00edas inferiores del club blanco.<\/p>\n<p>&#8220;No pienso mucho en eso. Soy <strong>Enzo<\/strong>, un jugador diferente&#8221;, aclar\u00f3 cuando le preguntaron por las similitudes con su padre, leyenda del <strong>Madrid<\/strong> y de la selecci\u00f3n de Francia y con el que comparte posici\u00f3n: centrocampista ofensivo.<\/p>\n<p style=\"text-align: center;\"><span style=\"color: #3366ff;\"><a style=\"color: #3366ff;\" href=\"https:\/\/www.futboltotal.com.mx\/2017\/07\/futbol-estufa-mercado-fichajes-de-europa\/\">VER M\u00c1S: FUTBOL DE ESTUFA | Sigue al instante rumores y fichajes en Europa<\/a><\/span><\/p>\n<p><a href=\"https:\/\/www.futboltotal.com.mx\/wp-content\/uploads\/2017\/07\/enzo-zidane-alaves.jpg\"><img decoding=\"async\" loading=\"lazy\" class=\"alignnone size-full wp-image-486995\" src=\"https:\/\/www.futboltotal.com.mx\/wp-content\/uploads\/2017\/07\/enzo-zidane-alaves.jpg\" alt=\"Enzo Zidane pide que no lo comparen con su padre 0\" srcset=\"http:\/\/desarrollo.grupomedios.com\/futbol\/wp-content\/uploads\/2017\/07\/enzo-zidane-alaves.jpg 1136w, http:\/\/desarrollo.grupomedios.com\/futbol\/wp-content\/uploads\/2017\/07\/enzo-zidane-alaves-300x169.jpg 300w, http:\/\/desarrollo.grupomedios.com\/futbol\/wp-content\/uploads\/2017\/07\/enzo-zidane-alaves-768x432.jpg 768w, http:\/\/desarrollo.grupomedios.com\/futbol\/wp-content\/uploads\/2017\/07\/enzo-zidane-alaves-1024x576.jpg 1024w, http:\/\/desarrollo.grupomedios.com\/futbol\/wp-content\/uploads\/2017\/07\/enzo-zidane-alaves-317x178.jpg 317w, http:\/\/desarrollo.grupomedios.com\/futbol\/wp-content\/uploads\/2017\/07\/enzo-zidane-alaves-535x301.jpg 535w, http:\/\/desarrollo.grupomedios.com\/futbol\/wp-content\/uploads\/2017\/07\/enzo-zidane-alaves-374x210.jpg 374w\" sizes=\"(max-width: 1136px) 100vw, 1136px\" \/><\/a><\/p>\n<p>El primog\u00e9nito de <em>Zizou<\/em>, que jug\u00f3 en el equipo reserva del Real Madrid, el Castilla -entrenado por su padre antes de que \u00e9ste diera el salto al banquillo del primer equipo- fich\u00f3 por el Alav\u00e9s la semana pasada.<\/p>\n<p>El <strong>Alav\u00e9<\/strong>s precis\u00f3 asimismo que durante la anterior campa\u00f1a, Enzo disput\u00f3 78 partidos en los que firm\u00f3 siete tantos y 15 asistencias de gol. Tambi\u00e9n hizo su debut con el primer equipo. Fue contra la Cultural Leonesa, de Segunda B, en un duelo de Copa del Rey que ganaron los blancos por goleada (1-7) con un tanto del joven centrocampista.<\/p>\n<p>El club vasco ha firmado una gran campa\u00f1a, en la que alcanz\u00f3 la final de Copa que perdi\u00f3 contra el Barcelona (3-1), y que ha tenido entre sus futbolistas m\u00e1s destacados al tambi\u00e9n galo Theo Hern\u00e1ndez (19 a\u00f1os), este mi\u00e9rcoles fich\u00f3 con el club merengue.<\/p>\n<p style=\"text-align: center;\"><span style=\"color: #3366ff;\"><a style=\"color: #3366ff;\" href=\"https:\/\/www.futboltotal.com.mx\/2017\/07\/10-futbolistas-podrian-las-sorpresas-en-la-copa-oro-2017\/\">VER M\u00c1S: 10 futbolistas que podr\u00edan ser las sorpresas en la Copa Oro 2017<\/a><\/span><\/p>\n","protected":false},"excerpt":{"rendered":"<p>El jugador jugar\u00e1 con el Alav\u00e9s a partir de esta temporada.<\/p>\n","protected":false},"author":20,"featured_media":485951,"comment_status":"closed","ping_status":"closed","sticky":false,"template":"","format":"standard","meta":[],"categories":[3839,3844],"tags":[7652,7681,5988,9269],"_links":{"self":[{"href":"http:\/\/desarrollo.grupomedios.com\/futbol\/wp-json\/wp\/v2\/posts\/486991"}],"collection":[{"href":"http:\/\/desarrollo.grupomedios.com\/futbol\/wp-json\/wp\/v2\/posts"}],"about":[{"href":"http:\/\/desarrollo.grupomedios.com\/futbol\/wp-json\/wp\/v2\/types\/post"}],"author":[{"embeddable":true,"href":"http:\/\/desarrollo.grupomedios.com\/futbol\/wp-json\/wp\/v2\/users\/20"}],"replies":[{"embeddable":true,"href":"http:\/\/desarrollo.grupomedios.com\/futbol\/wp-json\/wp\/v2\/comments?post=486991"}],"version-history":[{"count":1,"href":"http:\/\/desarrollo.grupomedios.com\/futbol\/wp-json\/wp\/v2\/posts\/486991\/revisions"}],"predecessor-version":[{"id":486996,"href":"http:\/\/desarrollo.grupomedios.com\/futbol\/wp-json\/wp\/v2\/posts\/486991\/revisions\/486996"}],"wp:featuredmedia":[{"embeddable":true,"href":"http:\/\/desarrollo.grupomedios.com\/futbol\/wp-json\/wp\/v2\/media\/485951"}],"wp:attachment":[{"href":"http:\/\/desarrollo.grupomedios.com\/futbol\/wp-json\/wp\/v2\/media?parent=486991"}],"wp:term":[{"taxonomy":"category","embeddable":true,"href":"http:\/\/desarrollo.grupomedios.com\/futbol\/wp-json\/wp\/v2\/categories?post=486991"},{"taxonomy":"post_tag","embeddable":true,"href":"http:\/\/desarrollo.grupomedios.com\/futbol\/wp-json\/wp\/v2\/tags?post=486991"}],"curies":[{"name":"wp","href":"https:\/\/api.w.org\/{rel}","templated":true}]}}