{"id":487009,"date":"2017-07-05T17:44:33","date_gmt":"2017-07-05T22:44:33","guid":{"rendered":"https:\/\/www.futboltotal.com.mx\/?p=487009"},"modified":"2017-07-05T17:44:33","modified_gmt":"2017-07-05T22:44:33","slug":"rafa-marquez-se-reencuentra-carles-puyol","status":"publish","type":"post","link":"http:\/\/desarrollo.grupomedios.com\/futbol\/cambio-de-juego\/rafa-marquez-se-reencuentra-carles-puyol\/2017\/07","title":{"rendered":"Rafa M\u00e1rquez se reencuentra con Carles Puyol"},"content":{"rendered":"<p>Los ex futbolistas del <strong>Barcelona<\/strong>, el espa\u00f1ol <strong>Carles Puyol<\/strong> y el mexicano <strong>Rafael M\u00e1rquez<\/strong>, se reencontraron, en un momento que seguro conmover\u00e1 a todos los cul\u00e9s.<\/p>\n<p style=\"text-align: center;\"><span style=\"color: #333399;\"><a style=\"color: #333399;\" href=\"https:\/\/www.futboltotal.com.mx\/2017\/07\/wayne-rooney-esta-cerca-volver-al-everton\/\" target=\"_blank\" rel=\"noopener noreferrer\">VER M\u00c1S: Wayne Rooney volver\u00e1 al Everton<\/a><\/span><\/p>\n<p><strong>&#8220;Un placer verte, amigo!!\u00a0#parejadecentrales #vivamexico&#8221;<\/strong>, escribi\u00f3 <strong>Puyol<\/strong> a trav\u00e9s de Instagram, junto a la fotograf\u00eda de ambos defensas centrales.<\/p>\n<p>Del 2003 al 2010, <strong>Puyol<\/strong> y <strong>M\u00e1rquez<\/strong> jugaron juntos en el <strong>Barcelona<\/strong>, levantando dos <strong>Champions League.<\/strong><\/p>\n<p><a href=\"https:\/\/www.futboltotal.com.mx\/wp-content\/uploads\/2017\/07\/puyol-y-rafita.jpg\"><img decoding=\"async\" loading=\"lazy\" class=\"alignnone size-full wp-image-487013\" src=\"https:\/\/www.futboltotal.com.mx\/wp-content\/uploads\/2017\/07\/puyol-y-rafita.jpg\" alt=\"Rafa M\u00e1rquez se reencuentra con Carles Puyol 0\" srcset=\"http:\/\/desarrollo.grupomedios.com\/futbol\/wp-content\/uploads\/2017\/07\/puyol-y-rafita.jpg 968w, http:\/\/desarrollo.grupomedios.com\/futbol\/wp-content\/uploads\/2017\/07\/puyol-y-rafita-300x196.jpg 300w, http:\/\/desarrollo.grupomedios.com\/futbol\/wp-content\/uploads\/2017\/07\/puyol-y-rafita-768x501.jpg 768w\" sizes=\"(max-width: 968px) 100vw, 968px\" \/><\/a><\/p>\n<p style=\"text-align: center;\"><span style=\"color: #333399;\"><a style=\"color: #333399;\" href=\"https:\/\/www.futboltotal.com.mx\/2017\/07\/lalo-herrera-gullit-pena-ya-cantico-en-escocia\/\" target=\"_blank\" rel=\"noopener noreferrer\">VER M\u00c1S: Afici\u00f3n de Rangers canta &#8216;La Bamba&#8217; para Lalo Herrera y Gullit Pe\u00f1a<\/a><\/span><\/p>\n","protected":false},"excerpt":{"rendered":"<p>Ambos defensas centrales compartieron la cancha con el Barcelona por 7 a\u00f1os y levantaron dos Champions League<\/p>\n","protected":false},"author":20,"featured_media":487014,"comment_status":"closed","ping_status":"closed","sticky":false,"template":"","format":"standard","meta":[],"categories":[5419],"tags":[5984,1756,4358],"_links":{"self":[{"href":"http:\/\/desarrollo.grupomedios.com\/futbol\/wp-json\/wp\/v2\/posts\/487009"}],"collection":[{"href":"http:\/\/desarrollo.grupomedios.com\/futbol\/wp-json\/wp\/v2\/posts"}],"about":[{"href":"http:\/\/desarrollo.grupomedios.com\/futbol\/wp-json\/wp\/v2\/types\/post"}],"author":[{"embeddable":true,"href":"http:\/\/desarrollo.grupomedios.com\/futbol\/wp-json\/wp\/v2\/users\/20"}],"replies":[{"embeddable":true,"href":"http:\/\/desarrollo.grupomedios.com\/futbol\/wp-json\/wp\/v2\/comments?post=487009"}],"version-history":[{"count":1,"href":"http:\/\/desarrollo.grupomedios.com\/futbol\/wp-json\/wp\/v2\/posts\/487009\/revisions"}],"predecessor-version":[{"id":487015,"href":"http:\/\/desarrollo.grupomedios.com\/futbol\/wp-json\/wp\/v2\/posts\/487009\/revisions\/487015"}],"wp:featuredmedia":[{"embeddable":true,"href":"http:\/\/desarrollo.grupomedios.com\/futbol\/wp-json\/wp\/v2\/media\/487014"}],"wp:attachment":[{"href":"http:\/\/desarrollo.grupomedios.com\/futbol\/wp-json\/wp\/v2\/media?parent=487009"}],"wp:term":[{"taxonomy":"category","embeddable":true,"href":"http:\/\/desarrollo.grupomedios.com\/futbol\/wp-json\/wp\/v2\/categories?post=487009"},{"taxonomy":"post_tag","embeddable":true,"href":"http:\/\/desarrollo.grupomedios.com\/futbol\/wp-json\/wp\/v2\/tags?post=487009"}],"curies":[{"name":"wp","href":"https:\/\/api.w.org\/{rel}","templated":true}]}}