{"id":487057,"date":"2017-07-06T08:59:15","date_gmt":"2017-07-06T13:59:15","guid":{"rendered":"https:\/\/www.futboltotal.com.mx\/?p=487057"},"modified":"2017-07-06T08:59:15","modified_gmt":"2017-07-06T13:59:15","slug":"en-america-lo-quieren-darwin-les-responde-golazo","status":"publish","type":"post","link":"http:\/\/desarrollo.grupomedios.com\/futbol\/futbol-mexicano\/en-america-lo-quieren-darwin-les-responde-golazo\/2017\/07","title":{"rendered":"En Am\u00e9rica no lo quieren y Darwin les responde con golazo"},"content":{"rendered":"<p>El <strong>Am\u00e9rica<\/strong> estuvo buscando un equipo para soltar a <strong>Darwin Quintero<\/strong>, sin embargo, ante las pocas ofertas ha tenido que quedarse con el delantero colombiano.<\/p>\n<p>El d\u00eda de ayer, en el encuentro de pretemporada que jugaron <strong>Am\u00e9rica<\/strong> y <strong>Santos<\/strong>, <strong>Quintero<\/strong> se encargo de anotar el gol con el que las <strong>\u00c1guilas<\/strong> se impusieron en el marcador.<\/p>\n<p style=\"text-align: center;\"><span style=\"color: #333399;\"><a style=\"color: #333399;\" href=\"https:\/\/www.futboltotal.com.mx\/2017\/07\/rafa-marquez-se-reencuentra-carles-puyol\/\" target=\"_blank\" rel=\"noopener noreferrer\">VER M\u00c1S: El reencuentro entre Rafa M\u00e1rquez y Carles Puyol<\/a><\/span><\/p>\n<p><strong>Alejandro D\u00edaz<\/strong> y <strong>Diego Lainez<\/strong> anotaron otros dos tantos para completar los tres azulcremas; mientras que por Santos, <strong>Diego de Buen<\/strong> anot\u00f3 en dos ocasiones.<\/p>\n<p>El gol de <strong>Darwin Quintero<\/strong> se dio al minuto 81, con un despeje de <strong>Marches\u00edn<\/strong> que le lleg\u00f3 al delantero colombiano, quien recort\u00f3 en dos ocasiones al defensa y dispar\u00f3 por entre las piernas del arquero.<\/p>\n<p>Sin duda, este es un llamado al <strong>Piojo Herrera<\/strong> para que pueda ser tomado en cuenta como pieza importante del primer equipo.<\/p>\n<blockquote class=\"twitter-video\" data-lang=\"es\">\n<p dir=\"ltr\" lang=\"es\"><a href=\"https:\/\/twitter.com\/hashtag\/Tour%C3%81guila?src=hash\">#Tour\u00c1guila<\/a><a href=\"https:\/\/twitter.com\/amarchesin1\">@amarchesin1<\/a> la empieza, <a href=\"https:\/\/twitter.com\/darwinJR3\">@darwinJR3<\/a> la termina <a href=\"https:\/\/twitter.com\/ClubAmerica\">@ClubAmerica<\/a> 3-2 <a href=\"https:\/\/twitter.com\/ClubSantos\">@ClubSantos<\/a> <a href=\"https:\/\/twitter.com\/hashtag\/VamosAm%C3%A9rica?src=hash\">#VamosAm\u00e9rica<\/a>  <a href=\"https:\/\/t.co\/bLdaDbq1qA\">pic.twitter.com\/bLdaDbq1qA<\/a><\/p>\n<p>\u2014 Club Am\u00e9rica (@ClubAmerica) <a href=\"https:\/\/twitter.com\/ClubAmerica\/status\/882808670345670656\">6 de julio de 2017<\/a><\/p><\/blockquote>\n<p><script async src=\"\/\/platform.twitter.com\/widgets.js\" charset=\"utf-8\"><\/script><\/p>\n<p style=\"text-align: center;\"><span style=\"color: #333399;\"><a style=\"color: #333399;\" href=\"https:\/\/www.futboltotal.com.mx\/2017\/07\/pique-sufre-accidente-en-qatar\/\" target=\"_blank\" rel=\"noopener noreferrer\">VER M\u00c1S: Piqu\u00e9 sufre aparatoso accidente<\/a><\/span><\/p>\n","protected":false},"excerpt":{"rendered":"<p>El delantero colombiano levanta la mano para ser tomado en cuenta por el estratega azulcrema en el primer equipo<\/p>\n","protected":false},"author":20,"featured_media":451410,"comment_status":"closed","ping_status":"closed","sticky":false,"template":"","format":"standard","meta":[],"categories":[2198,3845],"tags":[1585,5959,284,64,5972],"_links":{"self":[{"href":"http:\/\/desarrollo.grupomedios.com\/futbol\/wp-json\/wp\/v2\/posts\/487057"}],"collection":[{"href":"http:\/\/desarrollo.grupomedios.com\/futbol\/wp-json\/wp\/v2\/posts"}],"about":[{"href":"http:\/\/desarrollo.grupomedios.com\/futbol\/wp-json\/wp\/v2\/types\/post"}],"author":[{"embeddable":true,"href":"http:\/\/desarrollo.grupomedios.com\/futbol\/wp-json\/wp\/v2\/users\/20"}],"replies":[{"embeddable":true,"href":"http:\/\/desarrollo.grupomedios.com\/futbol\/wp-json\/wp\/v2\/comments?post=487057"}],"version-history":[{"count":1,"href":"http:\/\/desarrollo.grupomedios.com\/futbol\/wp-json\/wp\/v2\/posts\/487057\/revisions"}],"predecessor-version":[{"id":487058,"href":"http:\/\/desarrollo.grupomedios.com\/futbol\/wp-json\/wp\/v2\/posts\/487057\/revisions\/487058"}],"wp:featuredmedia":[{"embeddable":true,"href":"http:\/\/desarrollo.grupomedios.com\/futbol\/wp-json\/wp\/v2\/media\/451410"}],"wp:attachment":[{"href":"http:\/\/desarrollo.grupomedios.com\/futbol\/wp-json\/wp\/v2\/media?parent=487057"}],"wp:term":[{"taxonomy":"category","embeddable":true,"href":"http:\/\/desarrollo.grupomedios.com\/futbol\/wp-json\/wp\/v2\/categories?post=487057"},{"taxonomy":"post_tag","embeddable":true,"href":"http:\/\/desarrollo.grupomedios.com\/futbol\/wp-json\/wp\/v2\/tags?post=487057"}],"curies":[{"name":"wp","href":"https:\/\/api.w.org\/{rel}","templated":true}]}}