{"id":487074,"date":"2017-07-06T10:43:15","date_gmt":"2017-07-06T15:43:15","guid":{"rendered":"https:\/\/www.futboltotal.com.mx\/?p=487074"},"modified":"2017-07-06T10:43:15","modified_gmt":"2017-07-06T15:43:15","slug":"tigres-ya-rechazo-primera-oferta-sevilla-pizarro","status":"publish","type":"post","link":"http:\/\/desarrollo.grupomedios.com\/futbol\/futbol-mexicano\/tigres-ya-rechazo-primera-oferta-sevilla-pizarro\/2017\/07","title":{"rendered":"Tigres ya rechaz\u00f3 primera oferta de Sevilla por Pizarro"},"content":{"rendered":"<p>El mediocampista de <strong>Tigres<\/strong>, <strong>Guido Pizarro<\/strong> ya habl\u00f3 con\u00a0la directiva felina para manifestar <a href=\"https:\/\/www.futboltotal.com.mx\/2017\/07\/guido-pizarro-estaria-cerca-de-ser-jugador-del-sevilla\/\" target=\"_blank\" rel=\"noopener noreferrer\"><span style=\"color: #333399;\">su deseo de llegar a <strong>Sevill<\/strong><\/span><strong>a<\/strong><\/a>, como se ha rumorado en \u00faltimos d\u00edas.<\/p>\n<p>De acuerdo con <em>Mediotiempo<\/em>, el cuadro espa\u00f1ol ya realiz\u00f3 una oferta por <strong>Pizarro<\/strong>, sin embargo, el mismo\u00a0<strong>Miguel \u00c1ngel Garz<\/strong>a rechaz\u00f3 esta propuesta el martes pasado, por lo que est\u00e1n en espera que Sevilla mande una nueva, pues el jugador tiene ciertas cl\u00e1usulas que se deben cumplir.<\/p>\n<p style=\"text-align: center;\"><span style=\"color: #333399;\"><a style=\"color: #333399;\" href=\"https:\/\/www.futboltotal.com.mx\/2017\/07\/estados-unidos-improvisa-porterias-previo-a-copa-oro\/\" target=\"_blank\" rel=\"noopener noreferrer\">VER M\u00c1S: Estados Unidos improvisa porter\u00edas previo a Copa Oro<\/a><\/span><\/p>\n<p>Un abogado de <strong>Tigres<\/strong> ya se puso en contacto con un representante legal de <strong>Sevilla<\/strong> para explicar por qu\u00e9 fue rechazada su propuesta y hablar sobre c\u00f3mo puede cumplir con lo estipulado por el club.<\/p>\n<p>&nbsp;<\/p>\n<p>Se habla que <strong>Pizarro<\/strong> tiene una\u00a0cl\u00e1usula de rescisi\u00f3n en <strong>15 millones de d\u00f3lares<\/strong>, costo que tendr\u00eda que ser finiquitado por el <strong>Sevilla<\/strong> a la brevedad.<\/p>\n<p style=\"text-align: center;\"><span style=\"color: #333399;\"><a style=\"color: #333399;\" href=\"https:\/\/www.futboltotal.com.mx\/2017\/07\/jugar-en-cruz-azul-ahora-entrena-en-cascaritas-futbol-7\/\" target=\"_blank\" rel=\"noopener noreferrer\">VER M\u00c1S: De jugar en Cruz Azul, a entrenar en &#8216;cascaritas&#8217; de futbol 7<\/a><\/span><\/p>\n","protected":false},"excerpt":{"rendered":"<p>El futbolista argentino manifest\u00f3 su deseo por salir al futbol del Viejo Continente, por lo que ambas directivas ya se encuentran en pl\u00e1ticas<\/p>\n","protected":false},"author":20,"featured_media":483293,"comment_status":"closed","ping_status":"closed","sticky":false,"template":"","format":"standard","meta":[],"categories":[7740,2198,3845],"tags":[3991,76,64,49,5973],"_links":{"self":[{"href":"http:\/\/desarrollo.grupomedios.com\/futbol\/wp-json\/wp\/v2\/posts\/487074"}],"collection":[{"href":"http:\/\/desarrollo.grupomedios.com\/futbol\/wp-json\/wp\/v2\/posts"}],"about":[{"href":"http:\/\/desarrollo.grupomedios.com\/futbol\/wp-json\/wp\/v2\/types\/post"}],"author":[{"embeddable":true,"href":"http:\/\/desarrollo.grupomedios.com\/futbol\/wp-json\/wp\/v2\/users\/20"}],"replies":[{"embeddable":true,"href":"http:\/\/desarrollo.grupomedios.com\/futbol\/wp-json\/wp\/v2\/comments?post=487074"}],"version-history":[{"count":1,"href":"http:\/\/desarrollo.grupomedios.com\/futbol\/wp-json\/wp\/v2\/posts\/487074\/revisions"}],"predecessor-version":[{"id":487077,"href":"http:\/\/desarrollo.grupomedios.com\/futbol\/wp-json\/wp\/v2\/posts\/487074\/revisions\/487077"}],"wp:featuredmedia":[{"embeddable":true,"href":"http:\/\/desarrollo.grupomedios.com\/futbol\/wp-json\/wp\/v2\/media\/483293"}],"wp:attachment":[{"href":"http:\/\/desarrollo.grupomedios.com\/futbol\/wp-json\/wp\/v2\/media?parent=487074"}],"wp:term":[{"taxonomy":"category","embeddable":true,"href":"http:\/\/desarrollo.grupomedios.com\/futbol\/wp-json\/wp\/v2\/categories?post=487074"},{"taxonomy":"post_tag","embeddable":true,"href":"http:\/\/desarrollo.grupomedios.com\/futbol\/wp-json\/wp\/v2\/tags?post=487074"}],"curies":[{"name":"wp","href":"https:\/\/api.w.org\/{rel}","templated":true}]}}