{"id":487086,"date":"2017-07-06T12:11:32","date_gmt":"2017-07-06T17:11:32","guid":{"rendered":"https:\/\/www.futboltotal.com.mx\/?p=487086"},"modified":"2017-07-06T12:11:32","modified_gmt":"2017-07-06T17:11:32","slug":"porto-cede-a-uno-sus-mexicanos-al-futbol-belgica","status":"publish","type":"post","link":"http:\/\/desarrollo.grupomedios.com\/futbol\/futbol-internacional\/porto-cede-a-uno-sus-mexicanos-al-futbol-belgica\/2017\/07","title":{"rendered":"Porto cede a uno de sus mexicanos al futbol de B\u00e9lgica"},"content":{"rendered":"<p>El mexicano <strong>Omar Govea<\/strong>, jugador del <strong>Porto B,<\/strong> dej\u00f3 al club lusitano para iniciar una nueva aventura en la Primera Divisi\u00f3n de B\u00e9lgica con el <strong>Royal Excel Mouscron<\/strong>, quien lo anunci\u00f3 como pr\u00e9stamo y una opci\u00f3n a compra al finalizar la temporada.<\/p>\n<p>El ex jugador del Am\u00e9rica nunca pudo subir al primer equipo de los <em>Dragones<\/em>, pero dentro de su categor\u00eda fue de los mejores jugadores que estuvo en el equipo.<\/p>\n<p style=\"text-align: center;\"><span style=\"color: #3366ff;\"><a style=\"color: #3366ff;\" href=\"https:\/\/www.futboltotal.com.mx\/2017\/07\/inversionistas-chinos-podrian-comprar-al-america\/\">VER M\u00c1S: \u00a1Inversionistas chinos podr\u00edan comprar al Am\u00e9rica!<\/a><\/span><\/p>\n<p>Ahora <strong>Govea<\/strong> tendr\u00e1 la oportunidad de probar suerte en Primera Divisi\u00f3n, pero con el Royal Excel, donde se espera tenga m\u00e1s minutos para agarrar experiencia.<\/p>\n<p><strong>Govea<\/strong> dej\u00f3 al Am\u00e9rica para dar el salto al futbol europeo, donde ha logrado crecer en Portugal; sin embargo, no tuvo la oportunidad de ser llamado al primer equipo del Porto.<\/p>\n<p style=\"text-align: center;\"><span style=\"color: #3366ff;\"><a style=\"color: #3366ff;\" href=\"https:\/\/www.futboltotal.com.mx\/2017\/07\/jugar-en-cruz-azul-ahora-entrena-en-cascaritas-futbol-7\/\">VER M\u00c1S: De jugar en Cruz Azul, ahora entrena en \u2018cascaritas\u2019 de futbol 7<\/a><\/span><\/p>\n<blockquote class=\"twitter-tweet\" data-width=\"500\">\n<p lang=\"fr\" dir=\"ltr\">Omar Govea s&#39;est engag\u00e9 pour une saison  (pr\u00eat FC Porto avec option d&quot;achat). <a href=\"https:\/\/t.co\/H8qBF3zO2j\">pic.twitter.com\/H8qBF3zO2j<\/a><\/p>\n<p>&mdash; Royal Excel Mouscron (@ExcelMouscron) <a href=\"https:\/\/twitter.com\/ExcelMouscron\/status\/882978016296652800\">July 6, 2017<\/a><\/p><\/blockquote>\n<p><script async src=\"\/\/platform.twitter.com\/widgets.js\" charset=\"utf-8\"><\/script><\/p>\n","protected":false},"excerpt":{"rendered":"<p>El mexicano fue prestado por un a\u00f1o con opci\u00f3n a compra.<\/p>\n","protected":false},"author":20,"featured_media":479947,"comment_status":"closed","ping_status":"closed","sticky":false,"template":"","format":"standard","meta":[],"categories":[3839],"tags":[6214,5612,1208],"_links":{"self":[{"href":"http:\/\/desarrollo.grupomedios.com\/futbol\/wp-json\/wp\/v2\/posts\/487086"}],"collection":[{"href":"http:\/\/desarrollo.grupomedios.com\/futbol\/wp-json\/wp\/v2\/posts"}],"about":[{"href":"http:\/\/desarrollo.grupomedios.com\/futbol\/wp-json\/wp\/v2\/types\/post"}],"author":[{"embeddable":true,"href":"http:\/\/desarrollo.grupomedios.com\/futbol\/wp-json\/wp\/v2\/users\/20"}],"replies":[{"embeddable":true,"href":"http:\/\/desarrollo.grupomedios.com\/futbol\/wp-json\/wp\/v2\/comments?post=487086"}],"version-history":[{"count":1,"href":"http:\/\/desarrollo.grupomedios.com\/futbol\/wp-json\/wp\/v2\/posts\/487086\/revisions"}],"predecessor-version":[{"id":487092,"href":"http:\/\/desarrollo.grupomedios.com\/futbol\/wp-json\/wp\/v2\/posts\/487086\/revisions\/487092"}],"wp:featuredmedia":[{"embeddable":true,"href":"http:\/\/desarrollo.grupomedios.com\/futbol\/wp-json\/wp\/v2\/media\/479947"}],"wp:attachment":[{"href":"http:\/\/desarrollo.grupomedios.com\/futbol\/wp-json\/wp\/v2\/media?parent=487086"}],"wp:term":[{"taxonomy":"category","embeddable":true,"href":"http:\/\/desarrollo.grupomedios.com\/futbol\/wp-json\/wp\/v2\/categories?post=487086"},{"taxonomy":"post_tag","embeddable":true,"href":"http:\/\/desarrollo.grupomedios.com\/futbol\/wp-json\/wp\/v2\/tags?post=487086"}],"curies":[{"name":"wp","href":"https:\/\/api.w.org\/{rel}","templated":true}]}}