{"id":487102,"date":"2017-07-06T13:52:03","date_gmt":"2017-07-06T18:52:03","guid":{"rendered":"https:\/\/www.futboltotal.com.mx\/?p=487102"},"modified":"2017-07-06T13:52:03","modified_gmt":"2017-07-06T18:52:03","slug":"aviles-hurtado-revelo-eligio-a-rayados-america","status":"publish","type":"post","link":"http:\/\/desarrollo.grupomedios.com\/futbol\/futbol-mexicano\/aviles-hurtado-revelo-eligio-a-rayados-america\/2017\/07","title":{"rendered":"Avil\u00e9s Hurtado revel\u00f3 por qu\u00e9 eligi\u00f3 a Rayados sobre Am\u00e9rica"},"content":{"rendered":"<p>El nuevo refuerzo de <em>Rayados<\/em>, <strong>Avil\u00e9s Hurtado<\/strong>, revel\u00f3 los motivos por los que fich\u00f3 por Monterrey a pesar de que el <strong>Am\u00e9rica<\/strong> ya hab\u00eda preguntado por sus servicios junto a su ex t\u00e9cnico, Miguel Herrera.<\/p>\n<p>Avil\u00e9s explic\u00f3 que adem\u00e1s de la oferta econ\u00f3mica de los albiazules, Antonio Mohamed tambi\u00e9n intervino en su fichaje para que ayudara al club a ganar t\u00edtulos.<\/p>\n<p style=\"text-align: center;\"><span style=\"color: #3366ff;\"><a style=\"color: #3366ff;\" href=\"https:\/\/www.futboltotal.com.mx\/2017\/07\/inversionistas-chinos-podrian-comprar-al-america\/\">VER M\u00c1S: \u00a1Inversionistas chinos podr\u00edan comprar al Am\u00e9rica!<\/a><\/span><\/p>\n<p>\u201c<strong>Am\u00e9rica<\/strong> y Monterrey siempre pelean por cosas grandes, el Turco me hizo saber que ten\u00edamos que pelear por un t\u00edtulo, que me quer\u00eda en su equipo, entonces eso me llam\u00f3 la atenci\u00f3n, y no quiero decir que los de Coapa no peleen por lo mismo, obvio que est\u00e1n obligados, pero pas\u00f3 m\u00e1s porque le conven\u00eda a Xolos de Tijuana y a m\u00ed tambi\u00e9n.<\/p>\n<p>\u201cSabes que en este futbol y en el mundo el jugador no es el \u00fanico que debe tomar la decisi\u00f3n, en este caso le conven\u00eda (en lo econ\u00f3mico) al club y a m\u00ed, eso facilit\u00f3 para tomar la decisi\u00f3n\u201d, explic\u00f3 en entrevista con el <em>diario R\u00c9CORD<\/em>.<\/p>\n<p><strong>Avil\u00e9s<\/strong> asegur\u00f3 que adem\u00e1s del tema econ\u00f3mico, tambi\u00e9n qued\u00f3 encantado con el proyecto que le ofreci\u00f3 Rayados, por lo que no dud\u00f3 cuando le comentaron de la oferta de Rayados.<\/p>\n<p style=\"text-align: center;\"><span style=\"color: #3366ff;\"><a style=\"color: #3366ff;\" href=\"https:\/\/www.futboltotal.com.mx\/2017\/07\/este-canterano-quiere-regresar-al-atlas-hoy-hoy-juego-gratis\/\">VER M\u00c1S: Este canterano quiere regresar al Atlas; \u201choy por hoy juego gratis\u201d<\/a><\/span><\/p>\n<p>\u201cRayados nos puso un proyecto muy bueno, nos conven\u00eda bastante, tuve la oportunidad de hablar con el Turco y lo que me dijo me llen\u00f3 de esperanza y de confianza, entonces tuve la posibilidad de elegir y no lo pens\u00e9 cuando lleg\u00f3 esa oferta\u201d, se\u00f1al\u00f3.<\/p>\n<p>Aunque reconoce la vitrina que representa <strong>Am\u00e9rica<\/strong>, <strong>Avil\u00e9s Hurtado<\/strong> sabe que si tiene un buen torneo, tambi\u00e9n Rayados podr\u00eda significar un paso a Europa.<\/p>\n<p>\u201cCualquier jugador quisiera estar en esa grand\u00edsima instituci\u00f3n, pero si t\u00fa sigues mostrando tu nivel y lo haces tambi\u00e9n en la Sultana del Norte, tambi\u00e9n podr\u00eda salir la posibilidad de ir al futbol europeo\u201d, recalc\u00f3.<\/p>\n","protected":false},"excerpt":{"rendered":"<p>Avil\u00e9s consider\u00f3 el factor econ\u00f3mico en su decisi\u00f3n sobre Rayados y Am\u00e9rica.<\/p>\n","protected":false},"author":20,"featured_media":471785,"comment_status":"closed","ping_status":"closed","sticky":false,"template":"","format":"standard","meta":[],"categories":[2198,3845],"tags":[5959,2069,5966],"_links":{"self":[{"href":"http:\/\/desarrollo.grupomedios.com\/futbol\/wp-json\/wp\/v2\/posts\/487102"}],"collection":[{"href":"http:\/\/desarrollo.grupomedios.com\/futbol\/wp-json\/wp\/v2\/posts"}],"about":[{"href":"http:\/\/desarrollo.grupomedios.com\/futbol\/wp-json\/wp\/v2\/types\/post"}],"author":[{"embeddable":true,"href":"http:\/\/desarrollo.grupomedios.com\/futbol\/wp-json\/wp\/v2\/users\/20"}],"replies":[{"embeddable":true,"href":"http:\/\/desarrollo.grupomedios.com\/futbol\/wp-json\/wp\/v2\/comments?post=487102"}],"version-history":[{"count":1,"href":"http:\/\/desarrollo.grupomedios.com\/futbol\/wp-json\/wp\/v2\/posts\/487102\/revisions"}],"predecessor-version":[{"id":487107,"href":"http:\/\/desarrollo.grupomedios.com\/futbol\/wp-json\/wp\/v2\/posts\/487102\/revisions\/487107"}],"wp:featuredmedia":[{"embeddable":true,"href":"http:\/\/desarrollo.grupomedios.com\/futbol\/wp-json\/wp\/v2\/media\/471785"}],"wp:attachment":[{"href":"http:\/\/desarrollo.grupomedios.com\/futbol\/wp-json\/wp\/v2\/media?parent=487102"}],"wp:term":[{"taxonomy":"category","embeddable":true,"href":"http:\/\/desarrollo.grupomedios.com\/futbol\/wp-json\/wp\/v2\/categories?post=487102"},{"taxonomy":"post_tag","embeddable":true,"href":"http:\/\/desarrollo.grupomedios.com\/futbol\/wp-json\/wp\/v2\/tags?post=487102"}],"curies":[{"name":"wp","href":"https:\/\/api.w.org\/{rel}","templated":true}]}}