{"id":487106,"date":"2017-07-06T14:10:06","date_gmt":"2017-07-06T19:10:06","guid":{"rendered":"https:\/\/www.futboltotal.com.mx\/?p=487106"},"modified":"2017-07-06T14:13:07","modified_gmt":"2017-07-06T19:13:07","slug":"real-madrid-oficial-la-llegada-nuevo-refuerzo","status":"publish","type":"post","link":"http:\/\/desarrollo.grupomedios.com\/futbol\/futbol-internacional\/real-madrid-oficial-la-llegada-nuevo-refuerzo\/2017\/07","title":{"rendered":"Real Madrid hace oficial la llegada de un nuevo refuerzo"},"content":{"rendered":"<p>El conjunto merengue, hizo oficial la llegada del defensa central espa\u00f1ol, <strong>Jes\u00fas Vallejo<\/strong>, quien proviene del futbol alem\u00e1n donde jugaba en el\u00a0<b>Eintracht Frankfurt.<\/b><\/p>\n<p style=\"text-align: center;\"><span style=\"color: #333399;\"><a style=\"color: #333399;\" href=\"https:\/\/www.futboltotal.com.mx\/2017\/07\/iker-casillas-renueva-una-temporada-porto\/\" target=\"_blank\" rel=\"noopener noreferrer\">VER M\u00c1S: Iker Casilla renueva con el Porto<\/a><\/span><\/p>\n<p>El jugador ser\u00e1 presentado el viernes 7 de julio\u00a0en el palco de honor del estadio Santiago Bernab\u00e9u, de acuerdo a un comunicado del <strong>Real Madrid<\/strong>.<\/p>\n<p><strong>Vallejo<\/strong> ya tuvo una experiencia en La Liga, con el <strong>Real Zaragoza<\/strong>, equipo con el que jug\u00f3 dos temporadas.<\/p>\n<p>&nbsp;<\/p>\n<blockquote class=\"twitter-tweet\" data-lang=\"es\">\n<p style=\"text-align: left;\">\u2014 Real Madrid C.F. (@realmadrid) <a href=\"https:\/\/twitter.com\/realmadrid\/status\/882939695667101696\">6 de julio de 2017<\/a><\/p>\n<\/blockquote>\n<p><script async src=\"\/\/platform.twitter.com\/widgets.js\" charset=\"utf-8\"><\/script><\/p>\n<p style=\"text-align: center;\"><span style=\"color: #333399;\"><a style=\"color: #333399;\" href=\"https:\/\/www.futboltotal.com.mx\/2017\/07\/inversionistas-chinos-podrian-comprar-al-america\/\" target=\"_blank\" rel=\"noopener noreferrer\">VER M\u00c1S: Inversionistas chinos quieren comprar al Am\u00e9rica<\/a><\/span><\/p>\n","protected":false},"excerpt":{"rendered":"<p>El cuadro merengue se hizo con el defensa central espa\u00f1ol que disput\u00f3 la euro sub21 con su selecci\u00f3n y proviene del Eintracht Frankfurt<\/p>\n","protected":false},"author":20,"featured_media":471647,"comment_status":"closed","ping_status":"closed","sticky":false,"template":"","format":"standard","meta":[],"categories":[3839],"tags":[3588,253,5274,76,5988],"_links":{"self":[{"href":"http:\/\/desarrollo.grupomedios.com\/futbol\/wp-json\/wp\/v2\/posts\/487106"}],"collection":[{"href":"http:\/\/desarrollo.grupomedios.com\/futbol\/wp-json\/wp\/v2\/posts"}],"about":[{"href":"http:\/\/desarrollo.grupomedios.com\/futbol\/wp-json\/wp\/v2\/types\/post"}],"author":[{"embeddable":true,"href":"http:\/\/desarrollo.grupomedios.com\/futbol\/wp-json\/wp\/v2\/users\/20"}],"replies":[{"embeddable":true,"href":"http:\/\/desarrollo.grupomedios.com\/futbol\/wp-json\/wp\/v2\/comments?post=487106"}],"version-history":[{"count":4,"href":"http:\/\/desarrollo.grupomedios.com\/futbol\/wp-json\/wp\/v2\/posts\/487106\/revisions"}],"predecessor-version":[{"id":487115,"href":"http:\/\/desarrollo.grupomedios.com\/futbol\/wp-json\/wp\/v2\/posts\/487106\/revisions\/487115"}],"wp:featuredmedia":[{"embeddable":true,"href":"http:\/\/desarrollo.grupomedios.com\/futbol\/wp-json\/wp\/v2\/media\/471647"}],"wp:attachment":[{"href":"http:\/\/desarrollo.grupomedios.com\/futbol\/wp-json\/wp\/v2\/media?parent=487106"}],"wp:term":[{"taxonomy":"category","embeddable":true,"href":"http:\/\/desarrollo.grupomedios.com\/futbol\/wp-json\/wp\/v2\/categories?post=487106"},{"taxonomy":"post_tag","embeddable":true,"href":"http:\/\/desarrollo.grupomedios.com\/futbol\/wp-json\/wp\/v2\/tags?post=487106"}],"curies":[{"name":"wp","href":"https:\/\/api.w.org\/{rel}","templated":true}]}}