{"id":487108,"date":"2017-07-06T14:02:01","date_gmt":"2017-07-06T19:02:01","guid":{"rendered":"https:\/\/www.futboltotal.com.mx\/?p=487108"},"modified":"2017-07-06T14:16:00","modified_gmt":"2017-07-06T19:16:00","slug":"diego-lainez-anota-primer-gol-america","status":"publish","type":"post","link":"http:\/\/desarrollo.grupomedios.com\/futbol\/videos\/diego-lainez-anota-primer-gol-america\/2017\/07","title":{"rendered":"Diego Lainez anota su primer gol con Am\u00e9rica"},"content":{"rendered":"<p>En partido de preparaci\u00f3n entre <strong>Am\u00e9rica<\/strong> y Santos, celebrado en Denver, Colorado, el mediocampista mexicano, <strong>Diego Lainez<\/strong>, marc\u00f3 su primer gol con el cuadro <em>azulcrema<\/em>, desde que es tomado en cuenta por el primer equipo. El tanto del joven de 17 a\u00f1os fue el segundo de las<em> \u00c1guilas<\/em>, quienes ganaron el partido por tres goles a dos.<\/p>\n<p style=\"text-align: center;\"><span style=\"color: #3366ff;\"><a style=\"color: #3366ff;\" href=\"https:\/\/www.futboltotal.com.mx\/2017\/07\/en-america-lo-quieren-darwin-les-responde-golazo\/\" target=\"_blank\" rel=\"noopener noreferrer\"><strong>VER M\u00c1S: Darwin tambi\u00e9n anota para callar bocas<\/strong><\/a><\/span><\/p>\n<blockquote class=\"twitter-video\" data-lang=\"es\">\n<p dir=\"ltr\" lang=\"es\">El primero gol de Diego Lainez con el Am\u00e9rica. <a href=\"https:\/\/t.co\/ICeP6Vrt7B\">pic.twitter.com\/ICeP6Vrt7B<\/a><\/p>\n<p>\u2014 Luis Flores (@Luisitno) <a href=\"https:\/\/twitter.com\/Luisitno\/status\/882793578308751360\">6 de julio de 2017<\/a><\/p><\/blockquote>\n<p><script async src=\"\/\/platform.twitter.com\/widgets.js\" charset=\"utf-8\"><\/script><\/p>\n<p style=\"text-align: center;\"><span style=\"color: #3366ff;\"><a style=\"color: #3366ff;\" href=\"https:\/\/www.futboltotal.com.mx\/2017\/07\/este-canterano-quiere-regresar-al-atlas-hoy-hoy-juego-gratis\/\" target=\"_blank\" rel=\"noopener noreferrer\"><strong>VER M\u00c1S: Canterano del Atlas est\u00e1 arrepentido de irse<\/strong><\/a><\/span><\/p>\n<blockquote class=\"twitter-tweet\" data-lang=\"es\">\n<p dir=\"ltr\" lang=\"es\"><a href=\"https:\/\/twitter.com\/hashtag\/Tour%C3%81guila?src=hash\">#Tour\u00c1guila<\/a><\/p>\n<p>Revisa la cr\u00f3nica de nuestro triunfo de ayer Santos<\/p>\n<p>\u25b6\ufe0f <a href=\"https:\/\/t.co\/1PJuR2a7CO\">https:\/\/t.co\/1PJuR2a7CO<\/a> <a href=\"https:\/\/t.co\/2XOiComwN7\">pic.twitter.com\/2XOiComwN7<\/a><\/p>\n<p>\u2014 Club Am\u00e9rica (@ClubAmerica) <a href=\"https:\/\/twitter.com\/ClubAmerica\/status\/882977453622386691\">6 de julio de 2017<\/a><\/p><\/blockquote>\n<p><script async src=\"\/\/platform.twitter.com\/widgets.js\" charset=\"utf-8\"><\/script><\/p>\n<blockquote class=\"twitter-tweet\" data-lang=\"es\">\n<p dir=\"ltr\" lang=\"es\">Las mejores postales de nuestro primer partido del <a href=\"https:\/\/twitter.com\/hashtag\/Tour%C3%81guila?src=hash\">#Tour\u00c1guila<\/a> <a href=\"https:\/\/twitter.com\/hashtag\/Siempre%C3%81guilas?src=hash\">#Siempre\u00c1guilas<\/a><\/p>\n<p>\u25b6\ufe0f <a href=\"https:\/\/t.co\/RAt1qYDwmZ\">https:\/\/t.co\/RAt1qYDwmZ<\/a> <a href=\"https:\/\/t.co\/bm9HA5JqvJ\">pic.twitter.com\/bm9HA5JqvJ<\/a><\/p>\n<p>\u2014 Club Am\u00e9rica (@ClubAmerica) <a href=\"https:\/\/twitter.com\/ClubAmerica\/status\/882993861940965376\">6 de julio de 2017<\/a><\/p><\/blockquote>\n<p><script async src=\"\/\/platform.twitter.com\/widgets.js\" charset=\"utf-8\"><\/script><\/p>\n<p style=\"text-align: center;\"><span style=\"color: #3366ff;\"><a style=\"color: #3366ff;\" href=\"https:\/\/www.futboltotal.com.mx\/2017\/07\/futbol-estufa-mercado-fichajes-de-europa\/\" target=\"_blank\" rel=\"noopener noreferrer\"><strong>VER M\u00c1S: Futbol de Estufa | Mercado de fichajes en Europa<\/strong><\/a><\/span><\/p>\n","protected":false},"excerpt":{"rendered":"<p>El canterano azulcrema por fin se estrena ante las redes rivales.<\/p>\n","protected":false},"author":20,"featured_media":487109,"comment_status":"closed","ping_status":"closed","sticky":false,"template":"","format":"standard","meta":[],"categories":[2198,3845,4,6433],"tags":[5959,8300],"_links":{"self":[{"href":"http:\/\/desarrollo.grupomedios.com\/futbol\/wp-json\/wp\/v2\/posts\/487108"}],"collection":[{"href":"http:\/\/desarrollo.grupomedios.com\/futbol\/wp-json\/wp\/v2\/posts"}],"about":[{"href":"http:\/\/desarrollo.grupomedios.com\/futbol\/wp-json\/wp\/v2\/types\/post"}],"author":[{"embeddable":true,"href":"http:\/\/desarrollo.grupomedios.com\/futbol\/wp-json\/wp\/v2\/users\/20"}],"replies":[{"embeddable":true,"href":"http:\/\/desarrollo.grupomedios.com\/futbol\/wp-json\/wp\/v2\/comments?post=487108"}],"version-history":[{"count":3,"href":"http:\/\/desarrollo.grupomedios.com\/futbol\/wp-json\/wp\/v2\/posts\/487108\/revisions"}],"predecessor-version":[{"id":487117,"href":"http:\/\/desarrollo.grupomedios.com\/futbol\/wp-json\/wp\/v2\/posts\/487108\/revisions\/487117"}],"wp:featuredmedia":[{"embeddable":true,"href":"http:\/\/desarrollo.grupomedios.com\/futbol\/wp-json\/wp\/v2\/media\/487109"}],"wp:attachment":[{"href":"http:\/\/desarrollo.grupomedios.com\/futbol\/wp-json\/wp\/v2\/media?parent=487108"}],"wp:term":[{"taxonomy":"category","embeddable":true,"href":"http:\/\/desarrollo.grupomedios.com\/futbol\/wp-json\/wp\/v2\/categories?post=487108"},{"taxonomy":"post_tag","embeddable":true,"href":"http:\/\/desarrollo.grupomedios.com\/futbol\/wp-json\/wp\/v2\/tags?post=487108"}],"curies":[{"name":"wp","href":"https:\/\/api.w.org\/{rel}","templated":true}]}}