{"id":487119,"date":"2017-07-06T14:46:26","date_gmt":"2017-07-06T19:46:26","guid":{"rendered":"https:\/\/www.futboltotal.com.mx\/?p=487119"},"modified":"2017-07-06T14:46:26","modified_gmt":"2017-07-06T19:46:26","slug":"gary-medel-podria-llegar-a-tigres-sale-guido-pizarro","status":"publish","type":"post","link":"http:\/\/desarrollo.grupomedios.com\/futbol\/futbol-mexicano\/gary-medel-podria-llegar-a-tigres-sale-guido-pizarro\/2017\/07","title":{"rendered":"Gary Medel podr\u00eda llegar a Tigres"},"content":{"rendered":"<p>Tras la posible<span style=\"color: #3366ff;\"><a style=\"color: #3366ff;\" href=\"https:\/\/www.futboltotal.com.mx\/2017\/07\/guido-pizarro-estaria-cerca-de-ser-jugador-del-sevilla\/\" target=\"_blank\" rel=\"noopener noreferrer\"> salida de Guido Pizarro al Sevilla<\/a><\/span>, los <strong>Tigres<\/strong> ya estar\u00edan preparando a otra incorporaci\u00f3n y un seleccionado chileno ser\u00eda el candidato a suplir la baja del argentino.<\/p>\n<p>En caso de que se d\u00e9 la salida de Guido, los felinos ya estar\u00edan preparando una oferta por <strong>Gary Medel<\/strong>, actual jugador del Inter de Mil\u00e1n y quien es parte del plantel Bicampe\u00f3n de la Copa Am\u00e9rica en 2015 y 2016.<\/p>\n<p style=\"text-align: center;\"><span style=\"color: #3366ff;\"><a style=\"color: #3366ff;\" href=\"https:\/\/www.futboltotal.com.mx\/2017\/07\/inversionistas-chinos-podrian-comprar-al-america\/\">VER M\u00c1S: \u00a1Inversionistas chinos podr\u00edan comprar al Am\u00e9rica!<\/a><\/span><\/p>\n<p>Hasta ahora las <span style=\"color: #3366ff;\"><a style=\"color: #3366ff;\" href=\"https:\/\/www.futboltotal.com.mx\/2017\/07\/tigres-ya-rechazo-primera-oferta-sevilla-pizarro\/\" target=\"_blank\" rel=\"noopener noreferrer\">negociaciones entre Tigres y Sevilla no han llegado a un acuerdo<\/a><\/span>, pero el chileno ser\u00eda la primera opci\u00f3n y ofrecer\u00edan m\u00e1s dinero que el Tranzonspor turco y Boca Juniors, quienes tambi\u00e9n quiere al jugador de 29 a\u00f1os.<\/p>\n<p>A lo largo de su carrera, <strong>Medel<\/strong> ha jugado en Universidad Cat\u00f3lica de Chile, Boca Juniors, Sevilla, Cardiff e Inter de Mil\u00e1n. Ha jugado en dos mundiales (2010 en Sud\u00e1frica y 2014 en Brasil).<\/p>\n<p style=\"text-align: center;\"><span style=\"color: #3366ff;\"><a style=\"color: #3366ff;\" href=\"https:\/\/www.futboltotal.com.mx\/2017\/07\/directivo-de-tigres-revelo-platicas-con-galaxy-por-gignac\/\">VER M\u00c1S: Directivo de Tigres revel\u00f3 pl\u00e1ticas con Galaxy por Gignac<\/a><\/span><\/p>\n","protected":false},"excerpt":{"rendered":"<p>En caso de que Guido Pizarro salga, Medel ser\u00eda su sustituto.<\/p>\n","protected":false},"author":20,"featured_media":487125,"comment_status":"closed","ping_status":"closed","sticky":false,"template":"","format":"standard","meta":[],"categories":[2198,3845],"tags":[9260,9272,64,5973],"_links":{"self":[{"href":"http:\/\/desarrollo.grupomedios.com\/futbol\/wp-json\/wp\/v2\/posts\/487119"}],"collection":[{"href":"http:\/\/desarrollo.grupomedios.com\/futbol\/wp-json\/wp\/v2\/posts"}],"about":[{"href":"http:\/\/desarrollo.grupomedios.com\/futbol\/wp-json\/wp\/v2\/types\/post"}],"author":[{"embeddable":true,"href":"http:\/\/desarrollo.grupomedios.com\/futbol\/wp-json\/wp\/v2\/users\/20"}],"replies":[{"embeddable":true,"href":"http:\/\/desarrollo.grupomedios.com\/futbol\/wp-json\/wp\/v2\/comments?post=487119"}],"version-history":[{"count":1,"href":"http:\/\/desarrollo.grupomedios.com\/futbol\/wp-json\/wp\/v2\/posts\/487119\/revisions"}],"predecessor-version":[{"id":487127,"href":"http:\/\/desarrollo.grupomedios.com\/futbol\/wp-json\/wp\/v2\/posts\/487119\/revisions\/487127"}],"wp:featuredmedia":[{"embeddable":true,"href":"http:\/\/desarrollo.grupomedios.com\/futbol\/wp-json\/wp\/v2\/media\/487125"}],"wp:attachment":[{"href":"http:\/\/desarrollo.grupomedios.com\/futbol\/wp-json\/wp\/v2\/media?parent=487119"}],"wp:term":[{"taxonomy":"category","embeddable":true,"href":"http:\/\/desarrollo.grupomedios.com\/futbol\/wp-json\/wp\/v2\/categories?post=487119"},{"taxonomy":"post_tag","embeddable":true,"href":"http:\/\/desarrollo.grupomedios.com\/futbol\/wp-json\/wp\/v2\/tags?post=487119"}],"curies":[{"name":"wp","href":"https:\/\/api.w.org\/{rel}","templated":true}]}}