{"id":487121,"date":"2017-07-06T14:43:05","date_gmt":"2017-07-06T19:43:05","guid":{"rendered":"https:\/\/www.futboltotal.com.mx\/?p=487121"},"modified":"2017-07-06T14:43:05","modified_gmt":"2017-07-06T19:43:05","slug":"seleccionado-chileno-suena-llegar-a-america","status":"publish","type":"post","link":"http:\/\/desarrollo.grupomedios.com\/futbol\/futbol-mexicano\/seleccionado-chileno-suena-llegar-a-america\/2017\/07","title":{"rendered":"Seleccionado chileno suena para llegar a Am\u00e9rica"},"content":{"rendered":"<p><strong>Am\u00e9rica<\/strong> estar\u00eda buscando al seleccionado chileno,\u00a0<strong>Marcelo D\u00edaz<\/strong>, luego que <span style=\"color: #333399;\"><a style=\"color: #333399;\" href=\"https:\/\/www.futboltotal.com.mx\/2017\/07\/mateus-no-jugara-en-america-no-logra-fichaje-bomba\/\" target=\"_blank\" rel=\"noopener noreferrer\">se cayeran las negociaciones por el colombiano, Mateus Uribe<\/a><\/span>.<\/p>\n<p>Desde Argentina,\u00a0<strong>C\u00e9sar Luis Merlo<\/strong>, periodista de <em>TyC Sports<\/em>, indic\u00f3 que el club azulcrema est\u00e1 buscando al chileno, pues ya comenz\u00f3 las charlas con el <strong>Celta de Vigo<\/strong>.<\/p>\n<p style=\"text-align: center;\"><span style=\"color: #333399;\"><a style=\"color: #333399;\" href=\"https:\/\/www.futboltotal.com.mx\/2017\/07\/directivo-de-tigres-revelo-platicas-con-galaxy-por-gignac\/\" target=\"_blank\" rel=\"noopener noreferrer\">VER M\u00c1S: Directivo de Tigres acepta que hay pl\u00e1ticas con LA Galaxy por Gignac<\/a><\/span><\/p>\n<p>El jugador de 30 a\u00f1os ya no entra en planes del club espa\u00f1ol, por lo que facilitar\u00edan su salida; sin embargo, tambi\u00e9n el <strong>Flamengo de Brasil<\/strong> est\u00e1 interesado en hacerse con los servicios del mediocampista chileno.<\/p>\n<blockquote class=\"twitter-tweet\" data-lang=\"es\">\n<p dir=\"ltr\" lang=\"es\">Marcelo D\u00edaz, sin lugar en el <a href=\"https:\/\/twitter.com\/hashtag\/Celta?src=hash\">#Celta<\/a>, puede ser refuerzo del Am\u00e9rica. Ya hay charlas entre clubes. Tambi\u00e9n lo busca Flamengo. &#x1f1f2;&#x1f1fd;&#x1f1e8;&#x1f1f1;&#x1f1ea;&#x1f1f8;&#x1f1e7;&#x1f1f7; <a href=\"https:\/\/t.co\/VFCWnSPtRL\">pic.twitter.com\/VFCWnSPtRL<\/a><\/p>\n<p>\u2014 C\u00e9sar Luis Merlo (@CLMerlo) <a href=\"https:\/\/twitter.com\/CLMerlo\/status\/882985653897748480\">6 de julio de 2017<\/a><\/p><\/blockquote>\n<p><script async src=\"\/\/platform.twitter.com\/widgets.js\" charset=\"utf-8\"><\/script><\/p>\n<p style=\"text-align: center;\"><span style=\"color: #333399;\"><a style=\"color: #333399;\" href=\"https:\/\/www.futboltotal.com.mx\/2017\/07\/chicharito-uno-los-candidatos-llegar-al-chelsea\/\" target=\"_blank\" rel=\"noopener noreferrer\">VER M\u00c1S: Chicharito suena fuerte para el Chelsea<\/a><\/span><\/p>\n","protected":false},"excerpt":{"rendered":"<p>El mediocampista chileno de 30 a\u00f1os, no entra en planes del Celta De Vigo, por lo que estar\u00eda en busca de un nuevo club<\/p>\n","protected":false},"author":20,"featured_media":405824,"comment_status":"closed","ping_status":"closed","sticky":false,"template":"","format":"standard","meta":[],"categories":[7740,2198,3845],"tags":[5959,2407,406,755,9271],"_links":{"self":[{"href":"http:\/\/desarrollo.grupomedios.com\/futbol\/wp-json\/wp\/v2\/posts\/487121"}],"collection":[{"href":"http:\/\/desarrollo.grupomedios.com\/futbol\/wp-json\/wp\/v2\/posts"}],"about":[{"href":"http:\/\/desarrollo.grupomedios.com\/futbol\/wp-json\/wp\/v2\/types\/post"}],"author":[{"embeddable":true,"href":"http:\/\/desarrollo.grupomedios.com\/futbol\/wp-json\/wp\/v2\/users\/20"}],"replies":[{"embeddable":true,"href":"http:\/\/desarrollo.grupomedios.com\/futbol\/wp-json\/wp\/v2\/comments?post=487121"}],"version-history":[{"count":1,"href":"http:\/\/desarrollo.grupomedios.com\/futbol\/wp-json\/wp\/v2\/posts\/487121\/revisions"}],"predecessor-version":[{"id":487124,"href":"http:\/\/desarrollo.grupomedios.com\/futbol\/wp-json\/wp\/v2\/posts\/487121\/revisions\/487124"}],"wp:featuredmedia":[{"embeddable":true,"href":"http:\/\/desarrollo.grupomedios.com\/futbol\/wp-json\/wp\/v2\/media\/405824"}],"wp:attachment":[{"href":"http:\/\/desarrollo.grupomedios.com\/futbol\/wp-json\/wp\/v2\/media?parent=487121"}],"wp:term":[{"taxonomy":"category","embeddable":true,"href":"http:\/\/desarrollo.grupomedios.com\/futbol\/wp-json\/wp\/v2\/categories?post=487121"},{"taxonomy":"post_tag","embeddable":true,"href":"http:\/\/desarrollo.grupomedios.com\/futbol\/wp-json\/wp\/v2\/tags?post=487121"}],"curies":[{"name":"wp","href":"https:\/\/api.w.org\/{rel}","templated":true}]}}