{"id":487131,"date":"2017-07-06T15:34:55","date_gmt":"2017-07-06T20:34:55","guid":{"rendered":"https:\/\/www.futboltotal.com.mx\/?p=487131"},"modified":"2017-07-06T15:34:55","modified_gmt":"2017-07-06T20:34:55","slug":"real-sociedad-acepta-ha-recibido-ofertas-carlos-vela","status":"publish","type":"post","link":"http:\/\/desarrollo.grupomedios.com\/futbol\/futbol-internacional\/real-sociedad-acepta-ha-recibido-ofertas-carlos-vela\/2017\/07","title":{"rendered":"Real Sociedad acepta que ha recibido ofertas por Carlos Vela"},"content":{"rendered":"<p>El presidente de la <strong>Real Sociedad<\/strong>,\u00a0Jokin Aperribay, reconoci\u00f3 que han recibido ofertas por el delantero mexicano, <strong>Carlos Vela<\/strong>, sin embargo no tienen prisa para tomar una decisi\u00f3n.<\/p>\n<blockquote><p>&#8220;No tenemos ninguna prisa con <strong>Carlos Vela<\/strong>. S\u00ed hemos recibido ofertas por \u00e9l pero estamos tranquilos\u201d, indic\u00f3 Apperribay en conferencia de prensa.<\/p><\/blockquote>\n<p style=\"text-align: center;\"><span style=\"color: #333399;\"><a style=\"color: #333399;\" href=\"https:\/\/www.futboltotal.com.mx\/2017\/07\/directivo-de-tigres-revelo-platicas-con-galaxy-por-gignac\/\" target=\"_blank\" rel=\"noopener noreferrer\">VER M\u00c1S: Gignac podr\u00eda llegar a LA Galaxy<\/a><\/span><\/p>\n<p><span style=\"color: #333399;\"><a style=\"color: #333399;\" href=\"https:\/\/www.futboltotal.com.mx\/2017\/06\/carlos-vela-coquetea-futbol-frances\/\" target=\"_blank\" rel=\"noopener noreferrer\"><strong>Carlos Vela<\/strong> ya hab\u00eda sido vinculado con dos equipos de <strong>Francia<\/strong><\/a><\/span>, por lo que las ofertas que han tenido en la <strong>Real Sociedad<\/strong>, podr\u00eda ser de la <strong>Ligue 1<\/strong>.<\/p>\n<p>Por el momento, <strong>Vela<\/strong> se encuentra de vacaciones con su familia despu\u00e9s de tener participaci\u00f3n en la <strong>Copa Confederaciones<\/strong>.<\/p>\n<blockquote class=\"twitter-tweet\" data-lang=\"es\">\n<p dir=\"ltr\" lang=\"es\">Aperribay: \u201cNo tenemos ninguna prisa con <a href=\"https:\/\/twitter.com\/11carlosV\">@11carlosV<\/a> . S\u00ed hemos recibido ofertas por \u00e9l pero estamos tranquilos\u201d <a href=\"https:\/\/twitter.com\/hashtag\/RealSociedad?src=hash\">#RealSociedad<\/a><\/p>\n<p>\u2014 Real Sociedad F\u00fatbol (@RealSociedad) <a href=\"https:\/\/twitter.com\/RealSociedad\/status\/882972604914696192\">6 de julio de 2017<\/a><\/p><\/blockquote>\n<p><script async src=\"\/\/platform.twitter.com\/widgets.js\" charset=\"utf-8\"><\/script><\/p>\n<p style=\"text-align: center;\"><span style=\"color: #333399;\"><a style=\"color: #333399;\" href=\"https:\/\/www.futboltotal.com.mx\/2017\/07\/chicharito-uno-los-candidatos-llegar-al-chelsea\/\" target=\"_blank\" rel=\"noopener noreferrer\">VER M\u00c1S: Chicharito suena para el Chelsea<\/a><\/span><\/p>\n<p>&nbsp;<\/p>\n<p>&nbsp;<\/p>\n","protected":false},"excerpt":{"rendered":"<p>El presidente del club espa\u00f1ol, indic\u00f3 que no se apresurar\u00e1n a tomar una decisi\u00f3n para el destino del delantero<\/p>\n","protected":false},"author":20,"featured_media":485023,"comment_status":"closed","ping_status":"closed","sticky":false,"template":"","format":"standard","meta":[],"categories":[7740,3839],"tags":[6048,1580,413,102],"_links":{"self":[{"href":"http:\/\/desarrollo.grupomedios.com\/futbol\/wp-json\/wp\/v2\/posts\/487131"}],"collection":[{"href":"http:\/\/desarrollo.grupomedios.com\/futbol\/wp-json\/wp\/v2\/posts"}],"about":[{"href":"http:\/\/desarrollo.grupomedios.com\/futbol\/wp-json\/wp\/v2\/types\/post"}],"author":[{"embeddable":true,"href":"http:\/\/desarrollo.grupomedios.com\/futbol\/wp-json\/wp\/v2\/users\/20"}],"replies":[{"embeddable":true,"href":"http:\/\/desarrollo.grupomedios.com\/futbol\/wp-json\/wp\/v2\/comments?post=487131"}],"version-history":[{"count":1,"href":"http:\/\/desarrollo.grupomedios.com\/futbol\/wp-json\/wp\/v2\/posts\/487131\/revisions"}],"predecessor-version":[{"id":487134,"href":"http:\/\/desarrollo.grupomedios.com\/futbol\/wp-json\/wp\/v2\/posts\/487131\/revisions\/487134"}],"wp:featuredmedia":[{"embeddable":true,"href":"http:\/\/desarrollo.grupomedios.com\/futbol\/wp-json\/wp\/v2\/media\/485023"}],"wp:attachment":[{"href":"http:\/\/desarrollo.grupomedios.com\/futbol\/wp-json\/wp\/v2\/media?parent=487131"}],"wp:term":[{"taxonomy":"category","embeddable":true,"href":"http:\/\/desarrollo.grupomedios.com\/futbol\/wp-json\/wp\/v2\/categories?post=487131"},{"taxonomy":"post_tag","embeddable":true,"href":"http:\/\/desarrollo.grupomedios.com\/futbol\/wp-json\/wp\/v2\/tags?post=487131"}],"curies":[{"name":"wp","href":"https:\/\/api.w.org\/{rel}","templated":true}]}}