{"id":487144,"date":"2017-07-06T16:35:46","date_gmt":"2017-07-06T21:35:46","guid":{"rendered":"https:\/\/www.futboltotal.com.mx\/?p=487144"},"modified":"2017-07-06T16:44:17","modified_gmt":"2017-07-06T21:44:17","slug":"en-betis-confirman-la-llegada-andres-guardado","status":"publish","type":"post","link":"http:\/\/desarrollo.grupomedios.com\/futbol\/destacado-home\/en-betis-confirman-la-llegada-andres-guardado\/2017\/07","title":{"rendered":"En Betis confirman la llegada de Andr\u00e9s Guardado"},"content":{"rendered":"<p>El vicepresidente deportivo del <strong>Betis<\/strong>, Lorenzo Serra Ferrer, confirm\u00f3 en rueda de prensa la inminente llegada del &#8216;Principito&#8217; <strong>Andr\u00e9s Guardado<\/strong>.<\/p>\n<blockquote><p>&#8220;Nos va a aportar much\u00edsimas cosas. Es un gran futbolista, con un curr\u00edculum impresionante. Ha elegido el <strong>Betis<\/strong> como puesta a punto para jugar su cuarto Mundial, esto ya dice la magnitud y relevancia de este jugador. Y despu\u00e9s est\u00e1 su experiencia y polivalencia, adem\u00e1s de su t\u00e9cnica. Puede jugar de tres, de seis, de diez, de once&#8230;&#8221;, expres\u00f3 el directivo en la conferencia para presentar al futbolista Antonio Barrag\u00e1n.<\/p><\/blockquote>\n<p style=\"text-align: center;\"><span style=\"color: #333399;\"><a style=\"color: #333399;\" href=\"https:\/\/www.futboltotal.com.mx\/2017\/07\/directivo-de-tigres-revelo-platicas-con-galaxy-por-gignac\/\" target=\"_blank\" rel=\"noopener noreferrer\">VER M\u00c1S: Gignac podr\u00eda llegar a los LA Galaxy<\/a><\/span><\/p>\n<p>Adem\u00e1s, confirm\u00f3 que su ahora ex t\u00e9cnico en el <strong>PSV<\/strong>,\u00a0<strong>Phillip Cocu<\/strong> le habl\u00f3 maravillas del mediocampista mexicano.<\/p>\n<p>&#8220;Tiene unas cualidades magnificas, he estado hablando con <strong>Cocu<\/strong>, su entrenador, viejo amigo y jugador que dirig\u00ed, y habla maravillas de su calidad humana, su car\u00e1cter de l\u00edder, su polivalencia&#8230; Creo que dar\u00e1 experiencia, una ilusi\u00f3n fenomenal, compromiso&#8230; Estoy convencido de que va a encajar perfectamente&#8221;.<\/p>\n<blockquote class=\"twitter-video\" data-lang=\"es\">\n<p dir=\"ltr\" lang=\"es\">&#x1f50a; RUEDA DE PRENSA | Serra Ferrer, sobre <a href=\"https:\/\/twitter.com\/A_Barragan17\">@A_Barragan17<\/a>: &#8220;Nos va a dar el nivel deportivo y humano que queremos&#8221;<\/p>\n<p>\u27a1\ufe0f <a href=\"https:\/\/t.co\/ZoDlqXPgUe\">https:\/\/t.co\/ZoDlqXPgUe<\/a> <a href=\"https:\/\/t.co\/5urGqSkPSb\">pic.twitter.com\/5urGqSkPSb<\/a><\/p>\n<p>\u2014 Real Betis Balompi\u00e9 (@RealBetis) <a href=\"https:\/\/twitter.com\/RealBetis\/status\/883033709422792704\">6 de julio de 2017<\/a><\/p><\/blockquote>\n<p><script async src=\"\/\/platform.twitter.com\/widgets.js\" charset=\"utf-8\"><\/script><\/p>\n<p style=\"text-align: center;\"><span style=\"color: #333399;\"><a style=\"color: #333399;\" href=\"https:\/\/www.futboltotal.com.mx\/2017\/07\/seleccionado-chileno-suena-llegar-a-america\/\" target=\"_blank\" rel=\"noopener noreferrer\">VER M\u00c1S: Am\u00e9rica quiere a este seleccionado chileno<\/a><\/span><\/p>\n","protected":false},"excerpt":{"rendered":"<p>El vicepresidente deportivo del Betis confirm\u00f3 la inminente llegada del mediocampista mexicano, que se quiere poner a punto para Rusia 2018<\/p>\n","protected":false},"author":20,"featured_media":480614,"comment_status":"closed","ping_status":"closed","sticky":false,"template":"","format":"standard","meta":[],"categories":[5,3839],"tags":[6046,1804,76,2044],"_links":{"self":[{"href":"http:\/\/desarrollo.grupomedios.com\/futbol\/wp-json\/wp\/v2\/posts\/487144"}],"collection":[{"href":"http:\/\/desarrollo.grupomedios.com\/futbol\/wp-json\/wp\/v2\/posts"}],"about":[{"href":"http:\/\/desarrollo.grupomedios.com\/futbol\/wp-json\/wp\/v2\/types\/post"}],"author":[{"embeddable":true,"href":"http:\/\/desarrollo.grupomedios.com\/futbol\/wp-json\/wp\/v2\/users\/20"}],"replies":[{"embeddable":true,"href":"http:\/\/desarrollo.grupomedios.com\/futbol\/wp-json\/wp\/v2\/comments?post=487144"}],"version-history":[{"count":6,"href":"http:\/\/desarrollo.grupomedios.com\/futbol\/wp-json\/wp\/v2\/posts\/487144\/revisions"}],"predecessor-version":[{"id":487150,"href":"http:\/\/desarrollo.grupomedios.com\/futbol\/wp-json\/wp\/v2\/posts\/487144\/revisions\/487150"}],"wp:featuredmedia":[{"embeddable":true,"href":"http:\/\/desarrollo.grupomedios.com\/futbol\/wp-json\/wp\/v2\/media\/480614"}],"wp:attachment":[{"href":"http:\/\/desarrollo.grupomedios.com\/futbol\/wp-json\/wp\/v2\/media?parent=487144"}],"wp:term":[{"taxonomy":"category","embeddable":true,"href":"http:\/\/desarrollo.grupomedios.com\/futbol\/wp-json\/wp\/v2\/categories?post=487144"},{"taxonomy":"post_tag","embeddable":true,"href":"http:\/\/desarrollo.grupomedios.com\/futbol\/wp-json\/wp\/v2\/tags?post=487144"}],"curies":[{"name":"wp","href":"https:\/\/api.w.org\/{rel}","templated":true}]}}