{"id":487164,"date":"2017-07-06T20:13:01","date_gmt":"2017-07-07T01:13:01","guid":{"rendered":"https:\/\/www.futboltotal.com.mx\/?p=487164"},"modified":"2017-07-06T20:13:01","modified_gmt":"2017-07-07T01:13:01","slug":"europa-ya-espera-a-jurgen-damm","status":"publish","type":"post","link":"http:\/\/desarrollo.grupomedios.com\/futbol\/futbol-mexicano\/europa-ya-espera-a-jurgen-damm\/2017\/07","title":{"rendered":"\u00bfEuropa ya espera a J\u00fcrgen Damm?"},"content":{"rendered":"<p>El mexicano <strong>J\u00fcrgen Damm<\/strong> se aproxima al futbol de Europa, pues desde hace tiempo ha habido inter\u00e9s de clubes del Viejo Continente, que no han podido ficharlo debido a que <strong>Tigres<\/strong> ha exigido demasiado por \u00e9l.<\/p>\n<p>Sin embargo, el casi inminente arribo de Enner Valencia a <strong>Tigres<\/strong> abre las posibilidades de salida de <strong>J\u00fcrgen Damm<\/strong>, por quien pagar\u00edan no menos de 7 millones de d\u00f3lares, de acuerdo al portal de <em>ESPN<\/em>, cadena que afirma que clubes de italiano, alem\u00e1n e ingl\u00e9s, pugnar\u00edan por el volante de ascendencia alemana.<\/p>\n<p style=\"text-align: center;\"><span style=\"color: #3366ff;\"><a style=\"color: #3366ff;\" href=\"https:\/\/www.futboltotal.com.mx\/2017\/07\/barcelona-habria-fichado-a-futbolista-hondureno\/\" target=\"_blank\" rel=\"noopener noreferrer\"><strong>VER M\u00c1S: Seleccionado de Honduras ser\u00eda fichado por el Barcelona<\/strong><\/a><\/span><\/p>\n<p><a href=\"https:\/\/www.futboltotal.com.mx\/wp-content\/uploads\/2017\/07\/damm-iria-a-europa-espn.jpg\"><img decoding=\"async\" loading=\"lazy\" class=\"alignnone size-full wp-image-487165\" src=\"https:\/\/www.futboltotal.com.mx\/wp-content\/uploads\/2017\/07\/damm-iria-a-europa-espn.jpg\" alt=\"\u00bfEuropa ya espera a J\u00fcrgen Damm? 0\" srcset=\"http:\/\/desarrollo.grupomedios.com\/futbol\/wp-content\/uploads\/2017\/07\/damm-iria-a-europa-espn.jpg 1136w, http:\/\/desarrollo.grupomedios.com\/futbol\/wp-content\/uploads\/2017\/07\/damm-iria-a-europa-espn-300x169.jpg 300w, http:\/\/desarrollo.grupomedios.com\/futbol\/wp-content\/uploads\/2017\/07\/damm-iria-a-europa-espn-768x432.jpg 768w, http:\/\/desarrollo.grupomedios.com\/futbol\/wp-content\/uploads\/2017\/07\/damm-iria-a-europa-espn-1024x576.jpg 1024w, http:\/\/desarrollo.grupomedios.com\/futbol\/wp-content\/uploads\/2017\/07\/damm-iria-a-europa-espn-317x178.jpg 317w, http:\/\/desarrollo.grupomedios.com\/futbol\/wp-content\/uploads\/2017\/07\/damm-iria-a-europa-espn-535x301.jpg 535w, http:\/\/desarrollo.grupomedios.com\/futbol\/wp-content\/uploads\/2017\/07\/damm-iria-a-europa-espn-374x210.jpg 374w\" sizes=\"(max-width: 1136px) 100vw, 1136px\" \/><\/a><\/p>\n<p style=\"text-align: center;\"><span style=\"color: #3366ff;\"><a style=\"color: #3366ff;\" href=\"https:\/\/www.futboltotal.com.mx\/2017\/07\/jugar-en-cruz-azul-ahora-entrena-en-cascaritas-futbol-7\/\" target=\"_blank\" rel=\"noopener noreferrer\"><strong>VER M\u00c1S: El gran cambio en la carrera de Marc Crosas<\/strong><\/a><\/span><\/p>\n","protected":false},"excerpt":{"rendered":"<p>La llegada de Enner Valencia incrementa las posibilidades del mexicano.<\/p>\n","protected":false},"author":20,"featured_media":487166,"comment_status":"closed","ping_status":"closed","sticky":false,"template":"","format":"standard","meta":[],"categories":[2198,3845],"tags":[1916,5973],"_links":{"self":[{"href":"http:\/\/desarrollo.grupomedios.com\/futbol\/wp-json\/wp\/v2\/posts\/487164"}],"collection":[{"href":"http:\/\/desarrollo.grupomedios.com\/futbol\/wp-json\/wp\/v2\/posts"}],"about":[{"href":"http:\/\/desarrollo.grupomedios.com\/futbol\/wp-json\/wp\/v2\/types\/post"}],"author":[{"embeddable":true,"href":"http:\/\/desarrollo.grupomedios.com\/futbol\/wp-json\/wp\/v2\/users\/20"}],"replies":[{"embeddable":true,"href":"http:\/\/desarrollo.grupomedios.com\/futbol\/wp-json\/wp\/v2\/comments?post=487164"}],"version-history":[{"count":1,"href":"http:\/\/desarrollo.grupomedios.com\/futbol\/wp-json\/wp\/v2\/posts\/487164\/revisions"}],"predecessor-version":[{"id":487167,"href":"http:\/\/desarrollo.grupomedios.com\/futbol\/wp-json\/wp\/v2\/posts\/487164\/revisions\/487167"}],"wp:featuredmedia":[{"embeddable":true,"href":"http:\/\/desarrollo.grupomedios.com\/futbol\/wp-json\/wp\/v2\/media\/487166"}],"wp:attachment":[{"href":"http:\/\/desarrollo.grupomedios.com\/futbol\/wp-json\/wp\/v2\/media?parent=487164"}],"wp:term":[{"taxonomy":"category","embeddable":true,"href":"http:\/\/desarrollo.grupomedios.com\/futbol\/wp-json\/wp\/v2\/categories?post=487164"},{"taxonomy":"post_tag","embeddable":true,"href":"http:\/\/desarrollo.grupomedios.com\/futbol\/wp-json\/wp\/v2\/tags?post=487164"}],"curies":[{"name":"wp","href":"https:\/\/api.w.org\/{rel}","templated":true}]}}