{"id":487173,"date":"2017-07-06T21:16:45","date_gmt":"2017-07-07T02:16:45","guid":{"rendered":"https:\/\/www.futboltotal.com.mx\/?p=487173"},"modified":"2017-07-06T21:16:45","modified_gmt":"2017-07-07T02:16:45","slug":"karla-mora-la-futura-esposa-guillermo-ochoa","status":"publish","type":"post","link":"http:\/\/desarrollo.grupomedios.com\/futbol\/galerias\/karla-mora-la-futura-esposa-guillermo-ochoa\/2017\/07","title":{"rendered":"Karla Mora, la futura esposa de Guillermo Ochoa"},"content":{"rendered":"<p>Guillermo Ochoa ya se encuentra en Ibiza, junto a <strong>Karla Mora<\/strong>, para la ceremonia de matrimonio que tendr\u00e1n; con seleccionados mexicanos como invitados. La modelo tiene dos hijos con el cancerbero mexicano, a quien apoya en cada partido, se a nivel de clubes o de selecci\u00f3n.<\/p>\n<p style=\"text-align: center;\"><span style=\"color: #3366ff;\"><a style=\"color: #3366ff;\" href=\"https:\/\/www.futboltotal.com.mx\/2017\/07\/miguel-herrera-imita-sistema-osorio-en-america\/\" target=\"_blank\" rel=\"noopener noreferrer\"><strong>VER M\u00c1S: Piojo Herrera usa m\u00e9todo de Osorio en Am\u00e9rica<\/strong><\/a><\/span><\/p>\n<div id=\"galleryBIz\" style=\"display:none;\"><img alt=\"\" src=\"http:\/\/desarrollo.grupomedios.com\/futbol\/wp-content\/uploads\/2017\/07\/karla-mora-1.jpg\" data-image=\"http:\/\/desarrollo.grupomedios.com\/futbol\/wp-content\/uploads\/2017\/07\/karla-mora-1.jpg\" data-description=\"karla-mora-1\"><img alt=\"\" src=\"http:\/\/desarrollo.grupomedios.com\/futbol\/wp-content\/uploads\/2017\/07\/karla-mora-2.jpg\" data-image=\"http:\/\/desarrollo.grupomedios.com\/futbol\/wp-content\/uploads\/2017\/07\/karla-mora-2.jpg\" data-description=\"karla-mora-2\"><img alt=\"\" src=\"http:\/\/desarrollo.grupomedios.com\/futbol\/wp-content\/uploads\/2017\/07\/karla-mora-3.jpg\" data-image=\"http:\/\/desarrollo.grupomedios.com\/futbol\/wp-content\/uploads\/2017\/07\/karla-mora-3.jpg\" data-description=\"karla-mora-3\"><img alt=\"\" src=\"http:\/\/desarrollo.grupomedios.com\/futbol\/wp-content\/uploads\/2017\/07\/karla-mora-5.jpg\" data-image=\"http:\/\/desarrollo.grupomedios.com\/futbol\/wp-content\/uploads\/2017\/07\/karla-mora-5.jpg\" data-description=\"karla-mora-5\"><img alt=\"\" src=\"http:\/\/desarrollo.grupomedios.com\/futbol\/wp-content\/uploads\/2017\/07\/karla-mora-6.jpg\" data-image=\"http:\/\/desarrollo.grupomedios.com\/futbol\/wp-content\/uploads\/2017\/07\/karla-mora-6.jpg\" data-description=\"karla-mora-6\"><img alt=\"\" src=\"http:\/\/desarrollo.grupomedios.com\/futbol\/wp-content\/uploads\/2017\/07\/karla-mora-7.jpg\" data-image=\"http:\/\/desarrollo.grupomedios.com\/futbol\/wp-content\/uploads\/2017\/07\/karla-mora-7.jpg\" data-description=\"karla-mora-7\"><img alt=\"\" src=\"http:\/\/desarrollo.grupomedios.com\/futbol\/wp-content\/uploads\/2017\/07\/karla-mora-4.jpg\" data-image=\"http:\/\/desarrollo.grupomedios.com\/futbol\/wp-content\/uploads\/2017\/07\/karla-mora-4.jpg\" data-description=\"karla-mora-4\"><\/div>\n        <script>\n        \/\/galeria 1\n        jQuery(document).ready(function(){ \n            var api;\n            api = jQuery(\"#galleryBIz\").unitegallery({\n                carousel_autoplay: false\n            }); \n        });\n        <\/script>\n        \n<p style=\"text-align: center;\"><span style=\"color: #3366ff;\"><a style=\"color: #3366ff;\" href=\"https:\/\/www.futboltotal.com.mx\/2017\/07\/europa-ya-espera-a-jurgen-damm\/\" target=\"_blank\" rel=\"noopener noreferrer\"><strong>VER M\u00c1S: Europa ya espera a J\u00fcrgen Damm<\/strong><\/a><\/span><\/p>\n","protected":false},"excerpt":{"rendered":"<p>Este verano, la modelo contraer\u00e1 nupcias con el portero mexicano.<\/p>\n","protected":false},"author":20,"featured_media":487181,"comment_status":"closed","ping_status":"closed","sticky":false,"template":"","format":"standard","meta":[],"categories":[5419,6408,5422,3],"tags":[2033,5991],"_links":{"self":[{"href":"http:\/\/desarrollo.grupomedios.com\/futbol\/wp-json\/wp\/v2\/posts\/487173"}],"collection":[{"href":"http:\/\/desarrollo.grupomedios.com\/futbol\/wp-json\/wp\/v2\/posts"}],"about":[{"href":"http:\/\/desarrollo.grupomedios.com\/futbol\/wp-json\/wp\/v2\/types\/post"}],"author":[{"embeddable":true,"href":"http:\/\/desarrollo.grupomedios.com\/futbol\/wp-json\/wp\/v2\/users\/20"}],"replies":[{"embeddable":true,"href":"http:\/\/desarrollo.grupomedios.com\/futbol\/wp-json\/wp\/v2\/comments?post=487173"}],"version-history":[{"count":1,"href":"http:\/\/desarrollo.grupomedios.com\/futbol\/wp-json\/wp\/v2\/posts\/487173\/revisions"}],"predecessor-version":[{"id":487182,"href":"http:\/\/desarrollo.grupomedios.com\/futbol\/wp-json\/wp\/v2\/posts\/487173\/revisions\/487182"}],"wp:featuredmedia":[{"embeddable":true,"href":"http:\/\/desarrollo.grupomedios.com\/futbol\/wp-json\/wp\/v2\/media\/487181"}],"wp:attachment":[{"href":"http:\/\/desarrollo.grupomedios.com\/futbol\/wp-json\/wp\/v2\/media?parent=487173"}],"wp:term":[{"taxonomy":"category","embeddable":true,"href":"http:\/\/desarrollo.grupomedios.com\/futbol\/wp-json\/wp\/v2\/categories?post=487173"},{"taxonomy":"post_tag","embeddable":true,"href":"http:\/\/desarrollo.grupomedios.com\/futbol\/wp-json\/wp\/v2\/tags?post=487173"}],"curies":[{"name":"wp","href":"https:\/\/api.w.org\/{rel}","templated":true}]}}