{"id":487193,"date":"2017-07-07T18:45:53","date_gmt":"2017-07-07T23:45:53","guid":{"rendered":"https:\/\/www.futboltotal.com.mx\/?p=487193"},"modified":"2017-07-07T18:45:53","modified_gmt":"2017-07-07T23:45:53","slug":"10-figuras-te-debes-perder-en-la-copa-oro-2017","status":"publish","type":"post","link":"http:\/\/desarrollo.grupomedios.com\/futbol\/destacado-home\/10-figuras-te-debes-perder-en-la-copa-oro-2017\/2017\/07","title":{"rendered":"10 figuras que no te debes perder en la Copa Oro 2017"},"content":{"rendered":"<p>Este viernes inicia la <strong>Copa Oro 2017<\/strong>, el torneo estelar de CONCACAF donde, sin sus m\u00e1s grandes figuras, la <span style=\"color: #ff0000;\"><a style=\"color: #ff0000;\" href=\"http:\/\/futboltotal.com.mx\/futbol-mexicano\/seleccion-mexicana\/\" target=\"_blank\" rel=\"noopener noreferrer\">Selecci\u00f3n Mexicana<\/a><\/span> y la de Estados Unidos, volver\u00e1n a buscar la supremac\u00eda de la regi\u00f3n, aunque detr\u00e1s estar\u00e1n Costa Rica y Honduras, quienes van con la mayor\u00eda de sus referentes.<\/p>\n<p>Tanto la Selecci\u00f3n Mexicana como la de Estados Unidos dejaron fuera a sus m\u00e1ximos exponentes, por cuestiones de calendario del futbol europeo, o por las otras competiciones internacionales; mientras tanto Costa Rica solo cuenta con dos bajas importantes, la m\u00e1s sobresaliente es la de Keylor Navas.<\/p>\n<p style=\"text-align: center;\"><span style=\"color: #3366ff;\"><a style=\"color: #3366ff;\" href=\"https:\/\/www.futboltotal.com.mx\/2017\/07\/las-grandes-ausencias-copa-oro\/\" target=\"_blank\" rel=\"noopener noreferrer\"><strong>VER M\u00c1S: Las figuras que no podr\u00e1s ver en la Copa Oro<\/strong><\/a><\/span><\/p>\n<p>Por su parte Honduras, solo perder\u00e1 a Andy Najar, mientras que Panam\u00e1 va sin sus m\u00e1s experimentados y veteranos futbolistas, como Luis Tejada, Blas P\u00e9rez y Felipe Baloy. Tampoco Jamaica contar\u00e1 con su capit\u00e1n Wes Morgan, quien juega para el Leicester City de la Premier League.<\/p>\n<p>Por tanto, los futbolistas que tomar\u00e1n la batuta de la <strong>Copa Oro 2017<\/strong>, como figuras de sus respectivas selecciones, por su talento o experiencia, son los siguientes:<\/p>\n<p style=\"text-align: center;\"><span style=\"color: #3366ff;\"><a style=\"color: #3366ff;\" href=\"https:\/\/www.futboltotal.com.mx\/2017\/07\/real-sociedad-acepta-ha-recibido-ofertas-carlos-vela\/\" target=\"_blank\" rel=\"noopener noreferrer\"><strong>VER M\u00c1S: Real Sociedad acepta que hay ofertas por Carlos Vela<\/strong><\/a><\/span><\/p>\n<p><script type=\"text\/javascript\" src=\"\/\/cdn.playbuzz.com\/widget\/feed.js\"><\/script><\/p>\n<div class=\"pb_feed\" data-embed-by=\"d43f3879-83ed-40bc-99d7-fde80605466f\" data-item=\"331caa57-73f5-40ca-a283-3a335e19a73c\" data-recommend=\"false\" data-comments=\"false\"><\/div>\n<p style=\"text-align: center;\"><span style=\"color: #3366ff;\"><a style=\"color: #3366ff;\" href=\"https:\/\/www.futboltotal.com.mx\/2017\/07\/10-futbolistas-podrian-las-sorpresas-en-la-copa-oro-2017\/\" target=\"_blank\" rel=\"noopener noreferrer\"><strong>VER M\u00c1S: Los futbolistas que podr\u00edan ser la sorpresa en el torneo<\/strong><\/a><\/span><\/p>\n<p>Rodolfo Pizarro | M\u00e9xico | Mediocampista<\/p>\n<p>Orbel\u00edn Pineda | M\u00e9xico | Mediocampista<\/p>\n<p>Anthony Lozano | Honduras | Delantero<\/p>\n<p>Maynor Figueroa | Honduras | Mediocampista<\/p>\n<p>Bryan Ruiz | Costa Rica | Mediocampista<\/p>\n<p>Danny Carvajal | Costa Rica | Portero<\/p>\n<p>Juan Barrera | Nicaragua | Mediocampista<\/p>\n<p>Gabriel G\u00f3mez | Panam\u00e1 | Mediocampista<\/p>\n<p>Matt Miazga | Estados Unidos | Defensa<\/p>\n<p>Rodolfo Zelaya | El Salvador | Delantero<\/p>\n","protected":false},"excerpt":{"rendered":"<p>Estos futbolistas tendr\u00e1n el protagonismo de sus respectivas selecciones.<\/p>\n","protected":false},"author":20,"featured_media":487194,"comment_status":"closed","ping_status":"closed","sticky":false,"template":"","format":"standard","meta":[],"categories":[3938,5,3839,2198,3847],"tags":[1934,142],"_links":{"self":[{"href":"http:\/\/desarrollo.grupomedios.com\/futbol\/wp-json\/wp\/v2\/posts\/487193"}],"collection":[{"href":"http:\/\/desarrollo.grupomedios.com\/futbol\/wp-json\/wp\/v2\/posts"}],"about":[{"href":"http:\/\/desarrollo.grupomedios.com\/futbol\/wp-json\/wp\/v2\/types\/post"}],"author":[{"embeddable":true,"href":"http:\/\/desarrollo.grupomedios.com\/futbol\/wp-json\/wp\/v2\/users\/20"}],"replies":[{"embeddable":true,"href":"http:\/\/desarrollo.grupomedios.com\/futbol\/wp-json\/wp\/v2\/comments?post=487193"}],"version-history":[{"count":1,"href":"http:\/\/desarrollo.grupomedios.com\/futbol\/wp-json\/wp\/v2\/posts\/487193\/revisions"}],"predecessor-version":[{"id":487195,"href":"http:\/\/desarrollo.grupomedios.com\/futbol\/wp-json\/wp\/v2\/posts\/487193\/revisions\/487195"}],"wp:featuredmedia":[{"embeddable":true,"href":"http:\/\/desarrollo.grupomedios.com\/futbol\/wp-json\/wp\/v2\/media\/487194"}],"wp:attachment":[{"href":"http:\/\/desarrollo.grupomedios.com\/futbol\/wp-json\/wp\/v2\/media?parent=487193"}],"wp:term":[{"taxonomy":"category","embeddable":true,"href":"http:\/\/desarrollo.grupomedios.com\/futbol\/wp-json\/wp\/v2\/categories?post=487193"},{"taxonomy":"post_tag","embeddable":true,"href":"http:\/\/desarrollo.grupomedios.com\/futbol\/wp-json\/wp\/v2\/tags?post=487193"}],"curies":[{"name":"wp","href":"https:\/\/api.w.org\/{rel}","templated":true}]}}