{"id":487196,"date":"2017-07-08T20:52:50","date_gmt":"2017-07-09T01:52:50","guid":{"rendered":"https:\/\/www.futboltotal.com.mx\/?p=487196"},"modified":"2017-07-08T20:52:50","modified_gmt":"2017-07-09T01:52:50","slug":"causa-efecto-jair-pereira","status":"publish","type":"post","link":"http:\/\/desarrollo.grupomedios.com\/futbol\/videos\/causa-efecto-jair-pereira\/2017\/07","title":{"rendered":"Causa y efecto de\u2026 Jair Pereira"},"content":{"rendered":"<p><strong>Jair Pereira<\/strong> tuvo un debut algo tard\u00edo en la Liga MX, pues fue hasta los 24 a\u00f1os en que pudo jugar en el M\u00e1ximo Circuito. El objetivo lo alcanz\u00f3 con mucho esfuerzo, para poder conseguir militar en el equipo de sus sue\u00f1os, lo que le ha dado la oportunidad de ganarse convocatorias a la <span style=\"color: #ff0000;\"><a style=\"color: #ff0000;\" href=\"http:\/\/futboltotal.com.mx\/futbol-mexicano\/seleccion-mexicana\/\" target=\"_blank\" rel=\"noopener noreferrer\">Selecci\u00f3n Mexicana<\/a><\/span>, mismas que hoy lo tienen como el l\u00edder de la zaga <em>azteca<\/em>, para esta Copa Oro 2017.<\/p>\n<p style=\"text-align: center;\"><span style=\"color: #3366ff;\"><a style=\"color: #3366ff;\" href=\"https:\/\/www.futboltotal.com.mx\/2017\/07\/real-sociedad-acepta-ha-recibido-ofertas-carlos-vela\/\" target=\"_blank\" rel=\"noopener noreferrer\"><strong>VER M\u00c1S: Real Sociedad confirma que han preguntado por Vela<\/strong><\/a><\/span><\/p>\n<p>[video_player] https:\/\/player.vimeo.com\/external\/224396059.hd.mp4?s=08a9ce36fd9e8fc0d8a9e52ce0ca97458e68eea1&amp;profile_id=174 [\/video_player]<\/p>\n<p style=\"text-align: center;\"><span style=\"color: #3366ff;\"><a style=\"color: #3366ff;\" href=\"https:\/\/www.futboltotal.com.mx\/2017\/07\/miguel-herrera-imita-sistema-osorio-en-america\/\" target=\"_blank\" rel=\"noopener noreferrer\"><strong>VER M\u00c1S: Miguel Herrera replica sistema de Osorio, en Am\u00e9rica<\/strong><\/a><\/span><\/p>\n<p>La vida del <em>Comandante<\/em> ha estado llena de lucha constante, por eso dentro de la cancha honra a su apodo b\u00e9lico. Cuando era ni\u00f1o, <strong>Jair Pereira<\/strong> ayudaba a su pap\u00e1 a transportar mercanc\u00eda, despu\u00e9s de la escuela. &#8220;Son principios y valores que te va inculcando la familia; mi pap\u00e1 era muy trabajador&#8221;.<\/p>\n<p>Cuando ten\u00eda 14 a\u00f1os, busc\u00f3 una oportunidad en Chivas, pero no entr\u00f3 en los planes rojiblancos. A los 17, <strong>Jair Pereira<\/strong> se traslad\u00f3 de Irapuato a la CDMX para probar suerte en el Atlante. El camino fue duro: mientras jugaba en las inferiores blaugranas, ten\u00eda que trabajar limpiando alfombras de restaurantes. &#8220;Fue un tiempo que me marc\u00f3, si no trabajaba no pod\u00eda comer bien&#8221;.<\/p>\n<p>A los 20, el Tampico Madero le dio la oportunidad en el Ascenso MX y m\u00e1s tarde fue fichado por Cruz Azul Hidalgo. Tras a\u00f1os de esfuerzo, <strong>Jair Pereira<\/strong> debut\u00f3 en Liga MX con Cruz Azul, a la edad de 24, gracias al <em>Ojitos<\/em> Meza. Finalmente en 2014, el Comandante fue fichado por Chivas, el equipo de sus sue\u00f1os, donde ya fue campe\u00f3n.<\/p>\n<p style=\"text-align: center;\"><span style=\"color: #3366ff;\"><a style=\"color: #3366ff;\" href=\"https:\/\/www.futboltotal.com.mx\/2017\/07\/europa-ya-espera-a-jurgen-damm\/\" target=\"_blank\" rel=\"noopener noreferrer\"><strong>VER M\u00c1S: Europa aguarda por J\u00fcrgen Damm<\/strong><\/a><\/span><\/p>\n","protected":false},"excerpt":{"rendered":"<p>El Comandante se har\u00e1 cargo de la zaga del Tri en la Copa Oro.<\/p>\n","protected":false},"author":20,"featured_media":487197,"comment_status":"closed","ping_status":"closed","sticky":false,"template":"","format":"standard","meta":[],"categories":[3843,2198,3845,3847,4,6433],"tags":[8184,70,5962,955,142,7076],"_links":{"self":[{"href":"http:\/\/desarrollo.grupomedios.com\/futbol\/wp-json\/wp\/v2\/posts\/487196"}],"collection":[{"href":"http:\/\/desarrollo.grupomedios.com\/futbol\/wp-json\/wp\/v2\/posts"}],"about":[{"href":"http:\/\/desarrollo.grupomedios.com\/futbol\/wp-json\/wp\/v2\/types\/post"}],"author":[{"embeddable":true,"href":"http:\/\/desarrollo.grupomedios.com\/futbol\/wp-json\/wp\/v2\/users\/20"}],"replies":[{"embeddable":true,"href":"http:\/\/desarrollo.grupomedios.com\/futbol\/wp-json\/wp\/v2\/comments?post=487196"}],"version-history":[{"count":1,"href":"http:\/\/desarrollo.grupomedios.com\/futbol\/wp-json\/wp\/v2\/posts\/487196\/revisions"}],"predecessor-version":[{"id":487198,"href":"http:\/\/desarrollo.grupomedios.com\/futbol\/wp-json\/wp\/v2\/posts\/487196\/revisions\/487198"}],"wp:featuredmedia":[{"embeddable":true,"href":"http:\/\/desarrollo.grupomedios.com\/futbol\/wp-json\/wp\/v2\/media\/487197"}],"wp:attachment":[{"href":"http:\/\/desarrollo.grupomedios.com\/futbol\/wp-json\/wp\/v2\/media?parent=487196"}],"wp:term":[{"taxonomy":"category","embeddable":true,"href":"http:\/\/desarrollo.grupomedios.com\/futbol\/wp-json\/wp\/v2\/categories?post=487196"},{"taxonomy":"post_tag","embeddable":true,"href":"http:\/\/desarrollo.grupomedios.com\/futbol\/wp-json\/wp\/v2\/tags?post=487196"}],"curies":[{"name":"wp","href":"https:\/\/api.w.org\/{rel}","templated":true}]}}