{"id":487199,"date":"2017-07-08T13:51:49","date_gmt":"2017-07-08T18:51:49","guid":{"rendered":"https:\/\/www.futboltotal.com.mx\/?p=487199"},"modified":"2017-07-08T13:51:49","modified_gmt":"2017-07-08T18:51:49","slug":"te-acuerdas-segundo-titulo-del-tri-en-copa-oro","status":"publish","type":"post","link":"http:\/\/desarrollo.grupomedios.com\/futbol\/destacado-home\/te-acuerdas-segundo-titulo-del-tri-en-copa-oro\/2017\/07","title":{"rendered":"\u00bfTe acuerdas de\u2026 El segundo t\u00edtulo del Tri en Copa Oro?"},"content":{"rendered":"<p>La <span style=\"color: #ff0000;\"><a style=\"color: #ff0000;\" href=\"http:\/\/futboltotal.com.mx\/futbol-mexicano\/seleccion-mexicana\/\" target=\"_blank\" rel=\"noopener noreferrer\">Selecci\u00f3n Mexicana<\/a><\/span> busca su octavo t\u00edtulo de <strong>Copa Oro<\/strong>, para mantenerse como el m\u00e1ximo ganador del torneo estelar de CONCACAF; y aunque el plantel no es el de sus m\u00e1ximas figuras, los rivales tampoco van con sus mejores armas, lo que le da gran oportunidad a este <em>Tri<\/em> repleto de j\u00f3venes. Eso nos recuerda, c\u00f3mo fue que M\u00e9xico obtuvo su segundo campeonato del torneo, uno de los m\u00e1s \u00e9picos, hasta ahora.<\/p>\n<p style=\"text-align: center;\"><span style=\"color: #3366ff;\"><a style=\"color: #3366ff;\" href=\"https:\/\/www.futboltotal.com.mx\/2017\/07\/las-grandes-ausencias-copa-oro\/\" target=\"_blank\" rel=\"noopener noreferrer\"><strong>VER M\u00c1S: Las figuras que se ausentar\u00e1n de la Copa Oro<\/strong><\/a><\/span><\/p>\n<p>[video_player] https:\/\/player.vimeo.com\/external\/224383333.hd.mp4?s=c2cb05d90a6aedab2f4b74028fa9d35957083521&amp;profile_id=174 [\/video_player]<\/p>\n<p style=\"text-align: center;\"><span style=\"color: #3366ff;\"><a style=\"color: #3366ff;\" href=\"https:\/\/www.futboltotal.com.mx\/2017\/07\/real-sociedad-acepta-ha-recibido-ofertas-carlos-vela\/\" target=\"_blank\" rel=\"noopener noreferrer\"><strong>VER M\u00c1S: Real Sociedad acepta que hay ofertas por Carlos Vela<\/strong><\/a><\/span><\/p>\n<p>La tercera edici\u00f3n de la <strong>Copa Oro de la CONCACAF<\/strong>, se llev\u00f3 a cabo en 1996, en Estados Unidos. La novedad de ese torneo, era la invitaci\u00f3n a Brasil para competir con los equipos del \u00e1rea. La <em>verdeamarelha<\/em> tra\u00eda a un equipo alternativo; sin embargo, su base era la selecci\u00f3n que competir\u00eda en los JJOO de Atlanta. Por ello su paso fue arrollador, al vencer a Canad\u00e1, Honduras y EU, sin recibir ni un solo tanto.<\/p>\n<p>Mientras tanto, la <strong>Selecci\u00f3n Mexicana<\/strong> llegaba al torneo como el vigente campe\u00f3n. El conjunto<em> tricolor<\/em> tuvo resultados iguales a los de Brasil, pero frente a San Vicente y Guatemala, a quien enfrent\u00f3 dos veces, una en Fase de Grupos y otra en Semifinales.<\/p>\n<p>As\u00ed que la gran prueba se dio en la Final, donde, tras un duro primer tiempo, los <em>aztecas<\/em> tomaron confianza, y en el complemento doblegaron a los cariocas, con goles de Cuauht\u00e9moc Blanco y Luis Garc\u00eda. En el cierre del juego Andr\u00e9 Luiz se hizo expulsar y as\u00ed el <em>Tri<\/em> asegur\u00f3 el bicampeonato.<\/p>\n<p style=\"text-align: center;\"><span style=\"color: #3366ff;\"><a style=\"color: #3366ff;\" href=\"https:\/\/www.futboltotal.com.mx\/2017\/07\/enner-valencia-ya-esta-en-mexico\/\" target=\"_blank\" rel=\"noopener noreferrer\"><strong>VER M\u00c1S: Enner Valencia ya est\u00e1 en M\u00e9xico para firmar con Tigres<\/strong><\/a><\/span><\/p>\n","protected":false},"excerpt":{"rendered":"<p>M\u00e9xico tuvo uno de sus primeros encuentros ante Brasil, en una Final.<\/p>\n","protected":false},"author":20,"featured_media":487200,"comment_status":"closed","ping_status":"closed","sticky":false,"template":"","format":"standard","meta":[],"categories":[3938,5,3839,2198,3847],"tags":[1934,142],"_links":{"self":[{"href":"http:\/\/desarrollo.grupomedios.com\/futbol\/wp-json\/wp\/v2\/posts\/487199"}],"collection":[{"href":"http:\/\/desarrollo.grupomedios.com\/futbol\/wp-json\/wp\/v2\/posts"}],"about":[{"href":"http:\/\/desarrollo.grupomedios.com\/futbol\/wp-json\/wp\/v2\/types\/post"}],"author":[{"embeddable":true,"href":"http:\/\/desarrollo.grupomedios.com\/futbol\/wp-json\/wp\/v2\/users\/20"}],"replies":[{"embeddable":true,"href":"http:\/\/desarrollo.grupomedios.com\/futbol\/wp-json\/wp\/v2\/comments?post=487199"}],"version-history":[{"count":1,"href":"http:\/\/desarrollo.grupomedios.com\/futbol\/wp-json\/wp\/v2\/posts\/487199\/revisions"}],"predecessor-version":[{"id":487201,"href":"http:\/\/desarrollo.grupomedios.com\/futbol\/wp-json\/wp\/v2\/posts\/487199\/revisions\/487201"}],"wp:featuredmedia":[{"embeddable":true,"href":"http:\/\/desarrollo.grupomedios.com\/futbol\/wp-json\/wp\/v2\/media\/487200"}],"wp:attachment":[{"href":"http:\/\/desarrollo.grupomedios.com\/futbol\/wp-json\/wp\/v2\/media?parent=487199"}],"wp:term":[{"taxonomy":"category","embeddable":true,"href":"http:\/\/desarrollo.grupomedios.com\/futbol\/wp-json\/wp\/v2\/categories?post=487199"},{"taxonomy":"post_tag","embeddable":true,"href":"http:\/\/desarrollo.grupomedios.com\/futbol\/wp-json\/wp\/v2\/tags?post=487199"}],"curies":[{"name":"wp","href":"https:\/\/api.w.org\/{rel}","templated":true}]}}