{"id":487214,"date":"2017-07-07T10:23:06","date_gmt":"2017-07-07T15:23:06","guid":{"rendered":"https:\/\/www.futboltotal.com.mx\/?p=487214"},"modified":"2017-07-07T11:40:09","modified_gmt":"2017-07-07T16:40:09","slug":"fifa-suspende-6-partidos-a-juan-carlos-osorio","status":"publish","type":"post","link":"http:\/\/desarrollo.grupomedios.com\/futbol\/destacado-home\/fifa-suspende-6-partidos-a-juan-carlos-osorio\/2017\/07","title":{"rendered":"\u00a1FIFA suspende 6 partidos a Osorio, que se pierde la Copa Oro!"},"content":{"rendered":"<p>La <strong>FIFA<\/strong> ha tomado la decisi\u00f3n de suspender al director t\u00e9cnico de la <strong>Selecci\u00f3n Mexicana<\/strong>, <strong>Juan Carlos Osorio<\/strong>, por <strong>6 partidos oficiales<\/strong>, luego de los insultos que realiz\u00f3 contra los \u00e1rbitros en el partido correspondiente al tercer lugar de la Copa Confederaciones entre M\u00e9xico y Portugal.<\/p>\n<p style=\"text-align: center;\"><span style=\"color: #333399;\"><a style=\"color: #333399;\" href=\"https:\/\/www.futboltotal.com.mx\/2017\/07\/europa-ya-espera-a-jurgen-damm\/\" target=\"_blank\" rel=\"noopener noreferrer\">VER M\u00c1S: \u00bfEuropa ya espera a J\u00fcrgen Damm?<\/a><\/span><\/p>\n<blockquote><p>\u201cDespu\u00e9s de tomar en cuenta todas las circunstancias del caso, el Comit\u00e9 Disciplinario de la <strong>FIFA<\/strong> decidi\u00f3 que el se\u00f1or <strong>Osorio<\/strong> infringi\u00f3 el art\u00edculo 49.1 a) del C\u00f3digo Disciplinario. Como resultado, y debido a la gravedad del incidente, el se\u00f1or <strong>Osorio<\/strong> ha sido suspendido por seis partidos oficiales y tambi\u00e9n con una multa econ\u00f3mica de <strong>5,000 francos suizos<\/strong>\u201d,\u00a0inform\u00f3 la <strong>FIFA<\/strong> a trav\u00e9s de su p\u00e1gina oficial.<\/p><\/blockquote>\n<p>Al menos 3 de los 6 partidos se cumplir\u00edan en <strong>Copa Oro<\/strong>, en caso de llegar hasta la \u00faltima instancia, es decir, la final, ah\u00ed cumplir\u00eda todos los partidos de sanci\u00f3n; 3 de grupos, cuartos de final, semifinal y final.<\/p>\n<p style=\"text-align: center;\"><span style=\"color: #333399;\"><a style=\"color: #333399;\" href=\"https:\/\/www.futboltotal.com.mx\/2017\/07\/karla-mora-la-futura-esposa-guillermo-ochoa\/\" target=\"_blank\" rel=\"noopener noreferrer\">VER M\u00c1S: Karla Mora, la hermosa esposa de Guillermo Ochoa<\/a><\/span><\/p>\n<p><a href=\"https:\/\/www.futboltotal.com.mx\/wp-content\/uploads\/2017\/07\/osorio-arbitro.jpg\"><img decoding=\"async\" loading=\"lazy\" class=\"alignnone size-full wp-image-487215\" src=\"https:\/\/www.futboltotal.com.mx\/wp-content\/uploads\/2017\/07\/osorio-arbitro.jpg\" alt=\"\u00a1FIFA suspende 6 partidos a Osorio, que se pierde la Copa Oro! 0\" srcset=\"http:\/\/desarrollo.grupomedios.com\/futbol\/wp-content\/uploads\/2017\/07\/osorio-arbitro.jpg 755w, http:\/\/desarrollo.grupomedios.com\/futbol\/wp-content\/uploads\/2017\/07\/osorio-arbitro-300x180.jpg 300w\" sizes=\"(max-width: 755px) 100vw, 755px\" \/><\/a><\/p>\n","protected":false},"excerpt":{"rendered":"<p>El t\u00e9cnico se llev\u00f3 la sanci\u00f3n por el desplante que realiz\u00f3 en la Copa Confederaciones en el encuentro del tercer lugar ante Portugal<\/p>\n","protected":false},"author":20,"featured_media":459517,"comment_status":"closed","ping_status":"closed","sticky":false,"template":"","format":"standard","meta":[],"categories":[5,2198,3847],"tags":[1580,1934,361,6196,65,409],"_links":{"self":[{"href":"http:\/\/desarrollo.grupomedios.com\/futbol\/wp-json\/wp\/v2\/posts\/487214"}],"collection":[{"href":"http:\/\/desarrollo.grupomedios.com\/futbol\/wp-json\/wp\/v2\/posts"}],"about":[{"href":"http:\/\/desarrollo.grupomedios.com\/futbol\/wp-json\/wp\/v2\/types\/post"}],"author":[{"embeddable":true,"href":"http:\/\/desarrollo.grupomedios.com\/futbol\/wp-json\/wp\/v2\/users\/20"}],"replies":[{"embeddable":true,"href":"http:\/\/desarrollo.grupomedios.com\/futbol\/wp-json\/wp\/v2\/comments?post=487214"}],"version-history":[{"count":2,"href":"http:\/\/desarrollo.grupomedios.com\/futbol\/wp-json\/wp\/v2\/posts\/487214\/revisions"}],"predecessor-version":[{"id":487229,"href":"http:\/\/desarrollo.grupomedios.com\/futbol\/wp-json\/wp\/v2\/posts\/487214\/revisions\/487229"}],"wp:featuredmedia":[{"embeddable":true,"href":"http:\/\/desarrollo.grupomedios.com\/futbol\/wp-json\/wp\/v2\/media\/459517"}],"wp:attachment":[{"href":"http:\/\/desarrollo.grupomedios.com\/futbol\/wp-json\/wp\/v2\/media?parent=487214"}],"wp:term":[{"taxonomy":"category","embeddable":true,"href":"http:\/\/desarrollo.grupomedios.com\/futbol\/wp-json\/wp\/v2\/categories?post=487214"},{"taxonomy":"post_tag","embeddable":true,"href":"http:\/\/desarrollo.grupomedios.com\/futbol\/wp-json\/wp\/v2\/tags?post=487214"}],"curies":[{"name":"wp","href":"https:\/\/api.w.org\/{rel}","templated":true}]}}