{"id":487222,"date":"2017-07-07T11:03:55","date_gmt":"2017-07-07T16:03:55","guid":{"rendered":"https:\/\/www.futboltotal.com.mx\/?p=487222"},"modified":"2017-07-07T11:03:55","modified_gmt":"2017-07-07T16:03:55","slug":"tri-sub17-ya-rivales-grupo","status":"publish","type":"post","link":"http:\/\/desarrollo.grupomedios.com\/futbol\/futbol-mexicano\/tri-sub17-ya-rivales-grupo\/2017\/07","title":{"rendered":"Tri sub-17 ya tiene rivales de grupo"},"content":{"rendered":"<p>La<strong> Selecci\u00f3n Nacional Mexicana<\/strong> sub17 ya tiene su grupo para la <strong>Copa del Mundo<\/strong> que se disputar\u00e1 en <strong>India.<\/strong><\/p>\n<p style=\"text-align: center;\"><span style=\"color: #333399;\"><a style=\"color: #333399;\" href=\"https:\/\/www.futboltotal.com.mx\/2017\/07\/filtran-nuevo-jersey-rayados-monterrey\/\" target=\"_blank\" rel=\"noopener noreferrer\">VER M\u00c1S: Este ser\u00e1 el nuevo jersey de Rayados<\/a><\/span><\/p>\n<p>El combinado mexicano qued\u00f3 ubicado en el <strong>Grupo F<\/strong> de la justa mundialista:<\/p>\n<ul>\n<li>Su primer encuentro ser\u00e1 el 8 de octubre ante <strong>Irak<\/strong><\/li>\n<li>El segundo rival ser\u00e1 <strong>Inglaterra<\/strong> el 11 de octubre<\/li>\n<li>Por \u00faltimo, habr\u00e1 una peque\u00f1a &#8216;revancha&#8217; contra <strong>Chile<\/strong>, quien ser\u00e1 el tercer rival del Tri el pr\u00f3ximo 14 de octubre<\/li>\n<\/ul>\n<p>En caso que el <strong>Tri<\/strong> logre avanzar en el torneo, del 16 al 18 de octubre se disputar\u00e1n los octavos de final; el 21 y 22 los cuartos de final; el 25 las semifinales; y el 28 el encuentro por el t\u00edtulo.<\/p>\n<p style=\"text-align: center;\"><span style=\"color: #333399;\"><a style=\"color: #333399;\" href=\"https:\/\/www.futboltotal.com.mx\/2017\/07\/las-grandes-ausencias-copa-oro\/\" target=\"_blank\" rel=\"noopener noreferrer\">VER M\u00c1S: 15 grandes ausencias de Copa Oro<\/a><\/span><\/p>\n<p><a href=\"https:\/\/www.futboltotal.com.mx\/wp-content\/uploads\/2017\/07\/grupo-sub17.jpg\"><img decoding=\"async\" loading=\"lazy\" class=\"alignnone size-full wp-image-487223\" src=\"https:\/\/www.futboltotal.com.mx\/wp-content\/uploads\/2017\/07\/grupo-sub17.jpg\" alt=\"Tri sub-17 ya tiene rivales de grupo 0\" srcset=\"http:\/\/desarrollo.grupomedios.com\/futbol\/wp-content\/uploads\/2017\/07\/grupo-sub17.jpg 1200w, http:\/\/desarrollo.grupomedios.com\/futbol\/wp-content\/uploads\/2017\/07\/grupo-sub17-300x169.jpg 300w, http:\/\/desarrollo.grupomedios.com\/futbol\/wp-content\/uploads\/2017\/07\/grupo-sub17-768x432.jpg 768w, http:\/\/desarrollo.grupomedios.com\/futbol\/wp-content\/uploads\/2017\/07\/grupo-sub17-1024x576.jpg 1024w, http:\/\/desarrollo.grupomedios.com\/futbol\/wp-content\/uploads\/2017\/07\/grupo-sub17-1136x639.jpg 1136w, http:\/\/desarrollo.grupomedios.com\/futbol\/wp-content\/uploads\/2017\/07\/grupo-sub17-317x178.jpg 317w, http:\/\/desarrollo.grupomedios.com\/futbol\/wp-content\/uploads\/2017\/07\/grupo-sub17-535x301.jpg 535w, http:\/\/desarrollo.grupomedios.com\/futbol\/wp-content\/uploads\/2017\/07\/grupo-sub17-374x210.jpg 374w\" sizes=\"(max-width: 1200px) 100vw, 1200px\" \/><\/a><\/p>\n","protected":false},"excerpt":{"rendered":"<p>El combinado azteca ya tiene los rivales para la Copa del Mundo a disputarse en la India, en octubre pr\u00f3ximo<\/p>\n","protected":false},"author":20,"featured_media":487224,"comment_status":"closed","ping_status":"closed","sticky":false,"template":"","format":"standard","meta":[],"categories":[2198,3847],"tags":[65,143,409],"_links":{"self":[{"href":"http:\/\/desarrollo.grupomedios.com\/futbol\/wp-json\/wp\/v2\/posts\/487222"}],"collection":[{"href":"http:\/\/desarrollo.grupomedios.com\/futbol\/wp-json\/wp\/v2\/posts"}],"about":[{"href":"http:\/\/desarrollo.grupomedios.com\/futbol\/wp-json\/wp\/v2\/types\/post"}],"author":[{"embeddable":true,"href":"http:\/\/desarrollo.grupomedios.com\/futbol\/wp-json\/wp\/v2\/users\/20"}],"replies":[{"embeddable":true,"href":"http:\/\/desarrollo.grupomedios.com\/futbol\/wp-json\/wp\/v2\/comments?post=487222"}],"version-history":[{"count":1,"href":"http:\/\/desarrollo.grupomedios.com\/futbol\/wp-json\/wp\/v2\/posts\/487222\/revisions"}],"predecessor-version":[{"id":487225,"href":"http:\/\/desarrollo.grupomedios.com\/futbol\/wp-json\/wp\/v2\/posts\/487222\/revisions\/487225"}],"wp:featuredmedia":[{"embeddable":true,"href":"http:\/\/desarrollo.grupomedios.com\/futbol\/wp-json\/wp\/v2\/media\/487224"}],"wp:attachment":[{"href":"http:\/\/desarrollo.grupomedios.com\/futbol\/wp-json\/wp\/v2\/media?parent=487222"}],"wp:term":[{"taxonomy":"category","embeddable":true,"href":"http:\/\/desarrollo.grupomedios.com\/futbol\/wp-json\/wp\/v2\/categories?post=487222"},{"taxonomy":"post_tag","embeddable":true,"href":"http:\/\/desarrollo.grupomedios.com\/futbol\/wp-json\/wp\/v2\/tags?post=487222"}],"curies":[{"name":"wp","href":"https:\/\/api.w.org\/{rel}","templated":true}]}}