{"id":487230,"date":"2017-07-07T12:06:15","date_gmt":"2017-07-07T17:06:15","guid":{"rendered":"https:\/\/www.futboltotal.com.mx\/?p=487230"},"modified":"2017-07-07T12:06:15","modified_gmt":"2017-07-07T17:06:15","slug":"psg-quiere-negociar-barcelona-verratti","status":"publish","type":"post","link":"http:\/\/desarrollo.grupomedios.com\/futbol\/futbol-internacional\/psg-quiere-negociar-barcelona-verratti\/2017\/07","title":{"rendered":"PSG no quiere negociar con el Barcelona por Verratti"},"content":{"rendered":"<p>El mediocampista italiano est\u00e1 en la mira del <strong>Barcelona,<\/strong> sin embargo, el presidente azulgrana admiti\u00f3 que existe una gran dificultad para &#8216;arrebat\u00e1rselo&#8217; al <strong>PSG<\/strong>.<\/p>\n<p>El <strong>PSG<\/strong> ya nos ha dicho que no quiere negociar\u201d, indic\u00f3\u00a0<strong>Josep Maria Bartomeu<\/strong> en una entrevista para el\u00a0diario <em>Sport;\u00a0<\/em>\u201ces un jugador que gusta a nuestros t\u00e9cnicos y sabemos que \u00e9l quiere venir al Bar\u00e7a\u2026 Pero el problema es que el <strong>PSG<\/strong> no quiere negociar y en Francia no existen las cl\u00e1usulas de salida\u201d.<\/p>\n<p style=\"text-align: center;\"><span style=\"color: #333399;\"><a style=\"color: #333399;\" href=\"https:\/\/www.futboltotal.com.mx\/2017\/07\/andres-guardado-ya-esta-en-sevilla-cerrar-fichaje-al-betis\/\" target=\"_blank\" rel=\"noopener noreferrer\">VER M\u00c1S: Andr\u00e9s Guardado ya est\u00e1 en Sevilla para unirse al Betis<\/a><\/span><\/p>\n<p>Por ello, el Barcelona ya ha comenzado a estudiar nuevas opciones para reforzar su plantilla, pues la situaci\u00f3n se ha puesto muy complicada.<\/p>\n<p>\u201cEl caso est\u00e1 as\u00ed: \u2018no queremos vender, no queremos sentarnos con vosotros, hablaremos de lo que quer\u00e1is pero de <strong>Verratti no\u2019\u2026<\/strong> Por lo tanto, si el club no quiere vender no podemos hacer nada\u201d, indic\u00f3 el directivo.<\/p>\n<p style=\"text-align: center;\"><span style=\"color: #333399;\"><a style=\"color: #333399;\" href=\"https:\/\/www.futboltotal.com.mx\/2017\/07\/copa-oro-mexico-vs-estados-unidos-en-lucha-rey-concacaf\/\" target=\"_blank\" rel=\"noopener noreferrer\">VER M\u00c1S: M\u00e9xico vs Estados Unidos, en lucha por ser el rey de la Concacaf<\/a><\/span><\/p>\n","protected":false},"excerpt":{"rendered":"<p>El mediocampista italiano cada vez est\u00e1 m\u00e1s lejos de vestirse de cul\u00e9, pues el club parisino se ha negado a negociar su fichaje<\/p>\n","protected":false},"author":20,"featured_media":414353,"comment_status":"closed","ping_status":"closed","sticky":false,"template":"","format":"standard","meta":[],"categories":[3839],"tags":[5984,4086,114],"_links":{"self":[{"href":"http:\/\/desarrollo.grupomedios.com\/futbol\/wp-json\/wp\/v2\/posts\/487230"}],"collection":[{"href":"http:\/\/desarrollo.grupomedios.com\/futbol\/wp-json\/wp\/v2\/posts"}],"about":[{"href":"http:\/\/desarrollo.grupomedios.com\/futbol\/wp-json\/wp\/v2\/types\/post"}],"author":[{"embeddable":true,"href":"http:\/\/desarrollo.grupomedios.com\/futbol\/wp-json\/wp\/v2\/users\/20"}],"replies":[{"embeddable":true,"href":"http:\/\/desarrollo.grupomedios.com\/futbol\/wp-json\/wp\/v2\/comments?post=487230"}],"version-history":[{"count":1,"href":"http:\/\/desarrollo.grupomedios.com\/futbol\/wp-json\/wp\/v2\/posts\/487230\/revisions"}],"predecessor-version":[{"id":487232,"href":"http:\/\/desarrollo.grupomedios.com\/futbol\/wp-json\/wp\/v2\/posts\/487230\/revisions\/487232"}],"wp:featuredmedia":[{"embeddable":true,"href":"http:\/\/desarrollo.grupomedios.com\/futbol\/wp-json\/wp\/v2\/media\/414353"}],"wp:attachment":[{"href":"http:\/\/desarrollo.grupomedios.com\/futbol\/wp-json\/wp\/v2\/media?parent=487230"}],"wp:term":[{"taxonomy":"category","embeddable":true,"href":"http:\/\/desarrollo.grupomedios.com\/futbol\/wp-json\/wp\/v2\/categories?post=487230"},{"taxonomy":"post_tag","embeddable":true,"href":"http:\/\/desarrollo.grupomedios.com\/futbol\/wp-json\/wp\/v2\/tags?post=487230"}],"curies":[{"name":"wp","href":"https:\/\/api.w.org\/{rel}","templated":true}]}}