{"id":487236,"date":"2017-07-07T12:34:56","date_gmt":"2017-07-07T17:34:56","guid":{"rendered":"https:\/\/www.futboltotal.com.mx\/?p=487236"},"modified":"2017-07-07T12:47:47","modified_gmt":"2017-07-07T17:47:47","slug":"betis-oficial-la-llegada-andres-guardado","status":"publish","type":"post","link":"http:\/\/desarrollo.grupomedios.com\/futbol\/destacado-home\/betis-oficial-la-llegada-andres-guardado\/2017\/07","title":{"rendered":"Betis hace oficial la llegada de Andr\u00e9s Guardado"},"content":{"rendered":"<p>El <strong>Real Betis<\/strong> anunci\u00f3 de manera oficial la llegada del mediocampista mexicano, <strong>Andr\u00e9s Guardado<\/strong>, quien llega procedente del\u00a0<strong>PSV Eindhoven<\/strong>, su contrato es hasta 2020.<\/p>\n<p>Esta ser\u00e1 su tercera experiencia en el balompi\u00e9 ib\u00e9rico, pues anteriormente jug\u00f3 para el <strong>Deportivo la Coru\u00f1a<\/strong> y el <strong>Valencia<\/strong>.<\/p>\n<p>La manera en que presentaron al mexicano fue de una forma inusual y creativa, pues realizaorn un video en el que convirtieron a <strong>Guardado<\/strong> en un boxeador con la camiseta del <strong>Betis<\/strong>.<\/p>\n<blockquote class=\"twitter-video\" data-lang=\"es\">\n<p dir=\"ltr\" lang=\"und\"> <a href=\"https:\/\/t.co\/xXBVHhMGpF\">pic.twitter.com\/xXBVHhMGpF<\/a><\/p>\n<p>\u2014 Real Betis Balompi\u00e9 (@RealBetis) <a href=\"https:\/\/twitter.com\/RealBetis\/status\/883370847381200896\">7 de julio de 2017<\/a><\/p><\/blockquote>\n<p><script async src=\"\/\/platform.twitter.com\/widgets.js\" charset=\"utf-8\"><\/script><\/p>\n<p>&nbsp;<\/p>\n<p style=\"text-align: center;\"><span style=\"color: #333399;\"><a style=\"color: #333399;\" href=\"https:\/\/www.futboltotal.com.mx\/2017\/07\/guido-pizarro-abandona-pretemporada-tigres-se-acerca-al-sevilla\/\" target=\"_blank\" rel=\"noopener noreferrer\">VER M\u00c1S: Guido Pizarro abandona pretemporada de Tigres, apunta a Sevilla<\/a><\/span><\/p>\n<p>Betis destac\u00f3 a <strong>Guardado<\/strong> como pieza fundamental para que el PSV fuera campe\u00f3n de liga en \u00a02015 y 2016, adem\u00e1s de los 3 mundiales que ha disputado con M\u00e9xico.<\/p>\n<blockquote class=\"twitter-tweet\" data-lang=\"es\">\n<p dir=\"ltr\" lang=\"es\"> OFICIAL | El Real Betis incorpora a Andr\u00e9s Guardado para las tres pr\u00f3ximas temporadas<\/p>\n<p>\u27a1\ufe0f <a href=\"https:\/\/t.co\/nMEyeJnFJX\">https:\/\/t.co\/nMEyeJnFJX<\/a><a href=\"https:\/\/twitter.com\/hashtag\/RenuevaPorElBetis?src=hash\">#RenuevaPorElBetis<\/a> <a href=\"https:\/\/t.co\/yoaKaD41V2\">pic.twitter.com\/yoaKaD41V2<\/a><\/p>\n<p>\u2014 Real Betis Balompi\u00e9 (@RealBetis) <a href=\"https:\/\/twitter.com\/RealBetis\/status\/883372958630240256\">7 de julio de 2017<\/a><\/p><\/blockquote>\n<p><script async src=\"\/\/platform.twitter.com\/widgets.js\" charset=\"utf-8\"><\/script><\/p>\n<p style=\"text-align: center;\"><span style=\"color: #333399;\"><a style=\"color: #333399;\" href=\"https:\/\/www.futboltotal.com.mx\/2017\/07\/fifa-suspende-6-partidos-a-juan-carlos-osorio\/\" target=\"_blank\" rel=\"noopener noreferrer\">VER M\u00c1S: Osorio suspendido 6 partidos por FIFA<\/a><\/span><\/p>\n","protected":false},"excerpt":{"rendered":"<p>El mediocampista qued\u00f3 vinculado hasta el 2020 con el conjunto espa\u00f1ol, quien ser\u00e1 su tercer club en Espa\u00f1a<\/p>\n","protected":false},"author":20,"featured_media":487238,"comment_status":"closed","ping_status":"closed","sticky":false,"template":"","format":"standard","meta":[],"categories":[5,3839,3847],"tags":[6046,76,3224,1192],"_links":{"self":[{"href":"http:\/\/desarrollo.grupomedios.com\/futbol\/wp-json\/wp\/v2\/posts\/487236"}],"collection":[{"href":"http:\/\/desarrollo.grupomedios.com\/futbol\/wp-json\/wp\/v2\/posts"}],"about":[{"href":"http:\/\/desarrollo.grupomedios.com\/futbol\/wp-json\/wp\/v2\/types\/post"}],"author":[{"embeddable":true,"href":"http:\/\/desarrollo.grupomedios.com\/futbol\/wp-json\/wp\/v2\/users\/20"}],"replies":[{"embeddable":true,"href":"http:\/\/desarrollo.grupomedios.com\/futbol\/wp-json\/wp\/v2\/comments?post=487236"}],"version-history":[{"count":2,"href":"http:\/\/desarrollo.grupomedios.com\/futbol\/wp-json\/wp\/v2\/posts\/487236\/revisions"}],"predecessor-version":[{"id":487243,"href":"http:\/\/desarrollo.grupomedios.com\/futbol\/wp-json\/wp\/v2\/posts\/487236\/revisions\/487243"}],"wp:featuredmedia":[{"embeddable":true,"href":"http:\/\/desarrollo.grupomedios.com\/futbol\/wp-json\/wp\/v2\/media\/487238"}],"wp:attachment":[{"href":"http:\/\/desarrollo.grupomedios.com\/futbol\/wp-json\/wp\/v2\/media?parent=487236"}],"wp:term":[{"taxonomy":"category","embeddable":true,"href":"http:\/\/desarrollo.grupomedios.com\/futbol\/wp-json\/wp\/v2\/categories?post=487236"},{"taxonomy":"post_tag","embeddable":true,"href":"http:\/\/desarrollo.grupomedios.com\/futbol\/wp-json\/wp\/v2\/tags?post=487236"}],"curies":[{"name":"wp","href":"https:\/\/api.w.org\/{rel}","templated":true}]}}