{"id":487240,"date":"2017-07-07T12:54:16","date_gmt":"2017-07-07T17:54:16","guid":{"rendered":"https:\/\/www.futboltotal.com.mx\/?p=487240"},"modified":"2017-07-07T12:54:16","modified_gmt":"2017-07-07T17:54:16","slug":"psv-se-despide-forma-emotiva-andres-guardado","status":"publish","type":"post","link":"http:\/\/desarrollo.grupomedios.com\/futbol\/futbol-internacional\/psv-se-despide-forma-emotiva-andres-guardado\/2017\/07","title":{"rendered":"PSV se despide de forma emotiva de Andr\u00e9s Guardado"},"content":{"rendered":"<p>El cuadro holand\u00e9s, <strong>PSV Eindhoven<\/strong>, que se desprendi\u00f3 del mediocampista, <strong>Andr\u00e9s Guardado<\/strong>, para dejarlo salir al <strong>Real Betis<\/strong>, se despidi\u00f3 de forma emotiva del &#8216;Principito&#8217;.<\/p>\n<p style=\"text-align: center;\"><span style=\"color: #333399;\"><a style=\"color: #333399;\" href=\"https:\/\/www.futboltotal.com.mx\/2017\/07\/2-delanteros-la-liga-mx-los-50-mejores-goleadores-del-mundo\/\" target=\"_blank\" rel=\"noopener noreferrer\">VER M\u00c1S: 2 delantero de la Liga MX, entre los mejores 50 goleadores del mundo<\/a><\/span><\/p>\n<p>A trav\u00e9s de sus redes sociales le dedicaron un video, con la leyenda <strong>&#8220;Lo que m\u00e1s disfrutamos de usted, papi. Nunca los olvidaremos!&#8221;<\/strong>, indic\u00f3 en Twitter.<\/p>\n<blockquote class=\"twitter-video\" data-lang=\"es\">\n<p dir=\"ltr\" lang=\"nl\">Wat hebben we van je genoten papi, we zullen je nooit vergeten! \u2764\ufe0f <a href=\"https:\/\/t.co\/h9v09NMw3Z\">pic.twitter.com\/h9v09NMw3Z<\/a><\/p>\n<p>\u2014 PSV (@PSV) <a href=\"https:\/\/twitter.com\/PSV\/status\/883373214658965504\">7 de julio de 2017<\/a><\/p><\/blockquote>\n<p><script async src=\"\/\/platform.twitter.com\/widgets.js\" charset=\"utf-8\"><\/script><\/p>\n<p>Posteriormente, dedicaron otro Tuit para conmemorar sus mejores im\u00e1genes con el conjunto de los granjeros; simplemente bajo la leyenda <strong>&#8220;\u00a1Buena suerte, Guardado!&#8221;<\/strong>.<\/p>\n<blockquote class=\"twitter-tweet\" data-lang=\"es\">\n<p dir=\"ltr\" lang=\"es\">\u00a1Buena suerte <a href=\"https:\/\/twitter.com\/AGuardado18\">@AGuardado18<\/a>! &#x1f1f2;&#x1f1fd; <a href=\"https:\/\/t.co\/3zES8y07YS\">pic.twitter.com\/3zES8y07YS<\/a><\/p>\n<p>\u2014 PSV (@PSV) <a href=\"https:\/\/twitter.com\/PSV\/status\/883376689056821248\">7 de julio de 2017<\/a><\/p><\/blockquote>\n<p><script async src=\"\/\/platform.twitter.com\/widgets.js\" charset=\"utf-8\"><\/script><\/p>\n<p>Por \u00faltimo, a trav\u00e9s de su p\u00e1gina web oficial, ofrecieron un homenaje para <strong>Andr\u00e9s Guardado<\/strong>, a manera de agradecimiento, haciendo una cronolog\u00eda y homenaje a los momentos que vivi\u00f3 en el club. Con la frase<strong> &#8220;Un homenaje a uno de los jugadores PSV m\u00e1s influyentes de los \u00faltimos a\u00f1os&#8221;<\/strong>, lanzaron este post.<\/p>\n<p><a href=\"https:\/\/www.futboltotal.com.mx\/wp-content\/uploads\/2017\/07\/guardado-psv-despedida.jpg\"><img decoding=\"async\" loading=\"lazy\" class=\"alignnone size-full wp-image-487244\" src=\"https:\/\/www.futboltotal.com.mx\/wp-content\/uploads\/2017\/07\/guardado-psv-despedida.jpg\" alt=\"PSV se despide de forma emotiva de Andr\u00e9s Guardado 0\" srcset=\"http:\/\/desarrollo.grupomedios.com\/futbol\/wp-content\/uploads\/2017\/07\/guardado-psv-despedida.jpg 1680w, http:\/\/desarrollo.grupomedios.com\/futbol\/wp-content\/uploads\/2017\/07\/guardado-psv-despedida-300x144.jpg 300w, http:\/\/desarrollo.grupomedios.com\/futbol\/wp-content\/uploads\/2017\/07\/guardado-psv-despedida-768x369.jpg 768w, http:\/\/desarrollo.grupomedios.com\/futbol\/wp-content\/uploads\/2017\/07\/guardado-psv-despedida-1024x492.jpg 1024w\" sizes=\"(max-width: 1680px) 100vw, 1680px\" \/><\/a><\/p>\n<p style=\"text-align: center;\"><span style=\"color: #333399;\"><a style=\"color: #333399;\" href=\"https:\/\/www.futboltotal.com.mx\/2017\/07\/guido-pizarro-abandona-pretemporada-tigres-se-acerca-al-sevilla\/\" target=\"_blank\" rel=\"noopener noreferrer\">VER M\u00c1S: Guido Pizarro ya est\u00e1 pensando en Sevilla<\/a><\/span><\/p>\n<p>&nbsp;<\/p>\n<p>&nbsp;<\/p>\n","protected":false},"excerpt":{"rendered":"<p>El equipo de los granjeros le rindi\u00f3 un sentido homenaje al mediocampista mexicano para agradecer sus los a\u00f1os que jug\u00f3 para el club<\/p>\n","protected":false},"author":20,"featured_media":431288,"comment_status":"closed","ping_status":"closed","sticky":false,"template":"","format":"standard","meta":[],"categories":[3839],"tags":[6046,3224,1192],"_links":{"self":[{"href":"http:\/\/desarrollo.grupomedios.com\/futbol\/wp-json\/wp\/v2\/posts\/487240"}],"collection":[{"href":"http:\/\/desarrollo.grupomedios.com\/futbol\/wp-json\/wp\/v2\/posts"}],"about":[{"href":"http:\/\/desarrollo.grupomedios.com\/futbol\/wp-json\/wp\/v2\/types\/post"}],"author":[{"embeddable":true,"href":"http:\/\/desarrollo.grupomedios.com\/futbol\/wp-json\/wp\/v2\/users\/20"}],"replies":[{"embeddable":true,"href":"http:\/\/desarrollo.grupomedios.com\/futbol\/wp-json\/wp\/v2\/comments?post=487240"}],"version-history":[{"count":1,"href":"http:\/\/desarrollo.grupomedios.com\/futbol\/wp-json\/wp\/v2\/posts\/487240\/revisions"}],"predecessor-version":[{"id":487245,"href":"http:\/\/desarrollo.grupomedios.com\/futbol\/wp-json\/wp\/v2\/posts\/487240\/revisions\/487245"}],"wp:featuredmedia":[{"embeddable":true,"href":"http:\/\/desarrollo.grupomedios.com\/futbol\/wp-json\/wp\/v2\/media\/431288"}],"wp:attachment":[{"href":"http:\/\/desarrollo.grupomedios.com\/futbol\/wp-json\/wp\/v2\/media?parent=487240"}],"wp:term":[{"taxonomy":"category","embeddable":true,"href":"http:\/\/desarrollo.grupomedios.com\/futbol\/wp-json\/wp\/v2\/categories?post=487240"},{"taxonomy":"post_tag","embeddable":true,"href":"http:\/\/desarrollo.grupomedios.com\/futbol\/wp-json\/wp\/v2\/tags?post=487240"}],"curies":[{"name":"wp","href":"https:\/\/api.w.org\/{rel}","templated":true}]}}