{"id":487249,"date":"2017-07-07T13:41:01","date_gmt":"2017-07-07T18:41:01","guid":{"rendered":"https:\/\/www.futboltotal.com.mx\/?p=487249"},"modified":"2017-07-07T13:41:01","modified_gmt":"2017-07-07T18:41:01","slug":"santander-admite-var-hubiera-marcado-penal-contra-chivas","status":"publish","type":"post","link":"http:\/\/desarrollo.grupomedios.com\/futbol\/futbol-mexicano\/santander-admite-var-hubiera-marcado-penal-contra-chivas\/2017\/07","title":{"rendered":"Santander admite que con VAR hubiera marcado penal contra Chivas"},"content":{"rendered":"<p>El \u00e1rbitro mexicano,\u00a0<b>Luis Enrique Santander,\u00a0<\/b>encargado de pitar la final entre <strong>Chivas<\/strong> y <strong>Tigres<\/strong> del pasado torneo <strong>Clausura 2017<\/strong>, indic\u00f3 que de haber tenido el apoyo del VAR habr\u00eda marcado el penal a favor de Tigres.<\/p>\n<blockquote><p>\u201cCon el\u00a0videoarbitraje\u00a0tendr\u00eda otras tomas que no tuve en la cancha, mi golpe de vista fue diferente a lo que pas\u00f3\u201d, sentenci\u00f3 en una entrevista para <em>TV Azteca<\/em>.<\/p><\/blockquote>\n<p style=\"text-align: center;\"><span style=\"color: #333399;\"><a style=\"color: #333399;\" href=\"https:\/\/www.futboltotal.com.mx\/2017\/07\/fifa-suspende-6-partidos-a-juan-carlos-osorio\/\" target=\"_blank\" rel=\"noopener noreferrer\">VER M\u00c1S: FIFA suspende 6 partidos a Juan Carlos Osorio<\/a><\/span><\/p>\n<p>La jugada pol\u00e9mica se dio cuando, <strong>Jair Pereira<\/strong>, defensor rojiblanco, propin\u00f3 un puntapi\u00e9 a <strong>Ismael Sosa<\/strong>, mediocampista de <strong>Tigres<\/strong>.<\/p>\n<p><iframe loading=\"lazy\" src=\"https:\/\/www.youtube.com\/embed\/Yaho4AxIXV0?feature=oembed\" frameborder=\"0\" allowfullscreen><\/iframe><\/p>\n<p>Por otro lado, estableci\u00f3 que despu\u00e9s de esa acci\u00f3n recibi\u00f3 m\u00faltiples <strong>amenazas de muerte<\/strong> a trav\u00e9s de redes sociales.<\/p>\n<p>\u201cLa cuesti\u00f3n sentimental y el apoyo es la familia. <strong>En dos d\u00edas recib\u00ed m\u00e1s de mil amenazas de muerte<\/strong> por medio de\u00a0Twitter, son muy desagradables. La gente no entiende que uno no sale a equivocarse\u201d, expres\u00f3 el silbante.<\/p>\n<p style=\"text-align: center;\"><span style=\"color: #333399;\"><a style=\"color: #333399;\" href=\"https:\/\/www.futboltotal.com.mx\/2017\/07\/psg-quiere-negociar-barcelona-verratti\/\" target=\"_blank\" rel=\"noopener noreferrer\">VER M\u00c1S: PSG no soltar\u00e1 a Verratti para que vaya a Barcelona<\/a><\/span><\/p>\n","protected":false},"excerpt":{"rendered":"<p>El silbante admiti\u00f3 que de haber tenido la tecnolog\u00eda habr\u00eda considerado diferente la jugada pol\u00e9mica<\/p>\n","protected":false},"author":20,"featured_media":481925,"comment_status":"closed","ping_status":"closed","sticky":false,"template":"","format":"standard","meta":[],"categories":[2198,3845],"tags":[70,7732,9276,5973],"_links":{"self":[{"href":"http:\/\/desarrollo.grupomedios.com\/futbol\/wp-json\/wp\/v2\/posts\/487249"}],"collection":[{"href":"http:\/\/desarrollo.grupomedios.com\/futbol\/wp-json\/wp\/v2\/posts"}],"about":[{"href":"http:\/\/desarrollo.grupomedios.com\/futbol\/wp-json\/wp\/v2\/types\/post"}],"author":[{"embeddable":true,"href":"http:\/\/desarrollo.grupomedios.com\/futbol\/wp-json\/wp\/v2\/users\/20"}],"replies":[{"embeddable":true,"href":"http:\/\/desarrollo.grupomedios.com\/futbol\/wp-json\/wp\/v2\/comments?post=487249"}],"version-history":[{"count":1,"href":"http:\/\/desarrollo.grupomedios.com\/futbol\/wp-json\/wp\/v2\/posts\/487249\/revisions"}],"predecessor-version":[{"id":487250,"href":"http:\/\/desarrollo.grupomedios.com\/futbol\/wp-json\/wp\/v2\/posts\/487249\/revisions\/487250"}],"wp:featuredmedia":[{"embeddable":true,"href":"http:\/\/desarrollo.grupomedios.com\/futbol\/wp-json\/wp\/v2\/media\/481925"}],"wp:attachment":[{"href":"http:\/\/desarrollo.grupomedios.com\/futbol\/wp-json\/wp\/v2\/media?parent=487249"}],"wp:term":[{"taxonomy":"category","embeddable":true,"href":"http:\/\/desarrollo.grupomedios.com\/futbol\/wp-json\/wp\/v2\/categories?post=487249"},{"taxonomy":"post_tag","embeddable":true,"href":"http:\/\/desarrollo.grupomedios.com\/futbol\/wp-json\/wp\/v2\/tags?post=487249"}],"curies":[{"name":"wp","href":"https:\/\/api.w.org\/{rel}","templated":true}]}}