{"id":487264,"date":"2017-07-07T14:39:33","date_gmt":"2017-07-07T19:39:33","guid":{"rendered":"https:\/\/www.futboltotal.com.mx\/?p=487264"},"modified":"2017-07-07T14:39:33","modified_gmt":"2017-07-07T19:39:33","slug":"turquia-alejan-a-gary-medel-tigres","status":"publish","type":"post","link":"http:\/\/desarrollo.grupomedios.com\/futbol\/futbol-mexicano\/turquia-alejan-a-gary-medel-tigres\/2017\/07","title":{"rendered":"Desde Turqu\u00eda alejan a Gary Medel de Tigres"},"content":{"rendered":"<p>El <strong>Inter de Milan<\/strong> habr\u00eda llegado a un acuerdo con el <strong>Trabzonspor<\/strong> para llevarse al seleccionado chileno, <strong>Gary Medel<\/strong>, por lo que <strong>Tigres<\/strong> se quedar\u00eda con las ganas de ficharlo.<\/p>\n<p>El presidente del club turco, <strong>Muharrem Usta<\/strong>, indic\u00f3 que ya tienen un principio de acuerdo por el jugador y solo esperan que\u00a0Medel apruebe\u00a0las condiciones econ\u00f3micas.<\/p>\n<p style=\"text-align: center;\"><span style=\"color: #333399;\"><a style=\"color: #333399;\" href=\"https:\/\/www.futboltotal.com.mx\/2017\/07\/psv-se-despide-forma-emotiva-andres-guardado\/\" target=\"_blank\" rel=\"noopener noreferrer\">VER M\u00c1S: PSV env\u00eda emotiva despedida para Andr\u00e9s Guardado<\/a><\/span><\/p>\n<blockquote>\n<p class=\"p1 selectionShareable\">\u201cTenemos un acuerdo con el <strong>Inter<\/strong> para la compra de <strong>Gary Medel<\/strong>. Ahora s\u00f3lo nos resta hablar con el jugador, ya que no pod\u00edamos porque estaba ocupado en la <strong>Copa Confederaciones<\/strong>. Adem\u00e1s de nosotros, el jugador tiene otras dos alternativas\u201d, se\u00f1al\u00f3 Usta para <em>Calciomercato<\/em> de Italia.<\/p>\n<\/blockquote>\n<p class=\"p1 selectionShareable\">De ser cierta esta informaci\u00f3n, <strong>Tigres<\/strong> se se alejar\u00eda del futbolista; sin embargo existe la posibilidad que el propio <strong>Medel<\/strong> no acepte las condiciones econ\u00f3micas, pues el futbolista pretende un sueldo alto, por esa misma raz\u00f3n, <strong>Boca Juniors<\/strong> desisti\u00f3 de intentar fichar al chileno.<\/p>\n<p class=\"p1 selectionShareable\" style=\"text-align: center;\"><span style=\"color: #333399;\"><a style=\"color: #333399;\" href=\"https:\/\/www.futboltotal.com.mx\/2017\/07\/messi-evita-ir-a-la-carcel-pagando-multa-288-mil-dolares\/\" target=\"_blank\" rel=\"noopener noreferrer\">VER M\u00c1S: Messi evitar\u00e1 la c\u00e1rcel pagando una multa<\/a><\/span><\/p>\n<p class=\"p1 selectionShareable\">\n","protected":false},"excerpt":{"rendered":"<p>El Inter de Milan habr\u00eda llegado a un principio de acuerdo para vender al futbolista chileno, hecho que lo separar\u00eda de la Liga MX<\/p>\n","protected":false},"author":20,"featured_media":487125,"comment_status":"closed","ping_status":"closed","sticky":false,"template":"","format":"standard","meta":[],"categories":[7740,2198,3845],"tags":[9260,227,64,5973,1985,779],"_links":{"self":[{"href":"http:\/\/desarrollo.grupomedios.com\/futbol\/wp-json\/wp\/v2\/posts\/487264"}],"collection":[{"href":"http:\/\/desarrollo.grupomedios.com\/futbol\/wp-json\/wp\/v2\/posts"}],"about":[{"href":"http:\/\/desarrollo.grupomedios.com\/futbol\/wp-json\/wp\/v2\/types\/post"}],"author":[{"embeddable":true,"href":"http:\/\/desarrollo.grupomedios.com\/futbol\/wp-json\/wp\/v2\/users\/20"}],"replies":[{"embeddable":true,"href":"http:\/\/desarrollo.grupomedios.com\/futbol\/wp-json\/wp\/v2\/comments?post=487264"}],"version-history":[{"count":1,"href":"http:\/\/desarrollo.grupomedios.com\/futbol\/wp-json\/wp\/v2\/posts\/487264\/revisions"}],"predecessor-version":[{"id":487267,"href":"http:\/\/desarrollo.grupomedios.com\/futbol\/wp-json\/wp\/v2\/posts\/487264\/revisions\/487267"}],"wp:featuredmedia":[{"embeddable":true,"href":"http:\/\/desarrollo.grupomedios.com\/futbol\/wp-json\/wp\/v2\/media\/487125"}],"wp:attachment":[{"href":"http:\/\/desarrollo.grupomedios.com\/futbol\/wp-json\/wp\/v2\/media?parent=487264"}],"wp:term":[{"taxonomy":"category","embeddable":true,"href":"http:\/\/desarrollo.grupomedios.com\/futbol\/wp-json\/wp\/v2\/categories?post=487264"},{"taxonomy":"post_tag","embeddable":true,"href":"http:\/\/desarrollo.grupomedios.com\/futbol\/wp-json\/wp\/v2\/tags?post=487264"}],"curies":[{"name":"wp","href":"https:\/\/api.w.org\/{rel}","templated":true}]}}