{"id":487269,"date":"2017-07-07T14:59:35","date_gmt":"2017-07-07T19:59:35","guid":{"rendered":"https:\/\/www.futboltotal.com.mx\/?p=487269"},"modified":"2017-07-07T14:59:35","modified_gmt":"2017-07-07T19:59:35","slug":"guardado-defiende-a-osorio-la-fifa-nos-esta-cargando-la-mano","status":"publish","type":"post","link":"http:\/\/desarrollo.grupomedios.com\/futbol\/futbol-mexicano\/guardado-defiende-a-osorio-la-fifa-nos-esta-cargando-la-mano\/2017\/07","title":{"rendered":"Guardado defiende a Osorio: &#8220;La FIFA nos est\u00e1 cargando la mano&#8221;"},"content":{"rendered":"<p>El mediocampista mexicano, <strong>Andr\u00e9s Guardado<\/strong>, <span style=\"color: #333399;\"><a style=\"color: #333399;\" href=\"https:\/\/www.futboltotal.com.mx\/2017\/07\/betis-oficial-la-llegada-andres-guardado\/\" target=\"_blank\" rel=\"noopener noreferrer\">reci\u00e9n fichado por el <strong>Real Betis<\/strong><\/a><\/span>, indic\u00f3 que la <strong>FIFA<\/strong> est\u00e1 &#8216;cargando la mano&#8217; contra el balompi\u00e9 mexicano.<\/p>\n<p>Luego de la sanci\u00f3n que le impusieron al estratega de la <strong>Selecci\u00f3n Mexicana<\/strong>, <span style=\"color: #333399;\"><a style=\"color: #333399;\" href=\"https:\/\/www.futboltotal.com.mx\/2017\/07\/fifa-suspende-6-partidos-a-juan-carlos-osorio\/\" target=\"_blank\" rel=\"noopener noreferrer\">J<strong>uan Carlos Osorio<\/strong> de 6 partidos de suspensi\u00f3n<\/a><\/span>, luego de insultar al silbante en Copa Confederaciones durante el partido entre M\u00e9xico y Portugal, el &#8216;Principito&#8217; dio a conocer su punto de vista.<\/p>\n<p style=\"text-align: center;\"><span style=\"color: #333399;\"><a style=\"color: #333399;\" href=\"https:\/\/www.futboltotal.com.mx\/2017\/07\/copa-oro-mexico-vs-estados-unidos-en-lucha-rey-concacaf\/\" target=\"_blank\" rel=\"noopener noreferrer\">VER M\u00c1S: M\u00e9xico vs Estados Unidos, en lucha por ser el rey de la Concacaf<\/a><\/span><\/p>\n<blockquote><p>\u201c<strong>FIFA<\/strong> est\u00e1 cargando la mano desde el grito al portero, no s\u00e9 si tenga algo que ver, creo que es exagerada. Simplemente aceptar y seguir haciendo lo nuestro\u201d, expres\u00f3<strong> Andr\u00e9s Guardado<\/strong>\u00a0en entrevista para <em>ESPN<\/em>.<\/p><\/blockquote>\n<p>Expres\u00f3 que la sanci\u00f3n sobre <strong>Osorio<\/strong> fue exagerada, pues han existido cosas peores dentro del futbol y, en muchas ocasiones, no han recibido sanci\u00f3n.<\/p>\n<blockquote><p>\u201cMe ha sorprendido bastante. No encuentro una raz\u00f3n por la que hayan sido seis partidos, ha habido cosas peores en el futbol. No me parece nada correcto\u201d,\u00a0declar\u00f3<strong>Guardado<\/strong>.<\/p><\/blockquote>\n<p style=\"text-align: center;\"><span style=\"color: #333399;\"><a style=\"color: #333399;\" href=\"https:\/\/www.futboltotal.com.mx\/2017\/07\/santander-admite-var-hubiera-marcado-penal-contra-chivas\/\" target=\"_blank\" rel=\"noopener noreferrer\">VER M\u00c1S: Santander admite que con VAR habr\u00eda marcado penal contra Chivas<\/a><\/span><\/p>\n<p>&nbsp;<\/p>\n","protected":false},"excerpt":{"rendered":"<p>El mediocampista del Real Betis y la Selecci\u00f3n Mexicana, defendi\u00f3 al t\u00e9cnico y tach\u00f3 de exagerada la sanci\u00f3n que le impusieron<\/p>\n","protected":false},"author":20,"featured_media":405865,"comment_status":"closed","ping_status":"closed","sticky":false,"template":"","format":"standard","meta":[],"categories":[3839,2198,3847],"tags":[6046,361,6196],"_links":{"self":[{"href":"http:\/\/desarrollo.grupomedios.com\/futbol\/wp-json\/wp\/v2\/posts\/487269"}],"collection":[{"href":"http:\/\/desarrollo.grupomedios.com\/futbol\/wp-json\/wp\/v2\/posts"}],"about":[{"href":"http:\/\/desarrollo.grupomedios.com\/futbol\/wp-json\/wp\/v2\/types\/post"}],"author":[{"embeddable":true,"href":"http:\/\/desarrollo.grupomedios.com\/futbol\/wp-json\/wp\/v2\/users\/20"}],"replies":[{"embeddable":true,"href":"http:\/\/desarrollo.grupomedios.com\/futbol\/wp-json\/wp\/v2\/comments?post=487269"}],"version-history":[{"count":1,"href":"http:\/\/desarrollo.grupomedios.com\/futbol\/wp-json\/wp\/v2\/posts\/487269\/revisions"}],"predecessor-version":[{"id":487272,"href":"http:\/\/desarrollo.grupomedios.com\/futbol\/wp-json\/wp\/v2\/posts\/487269\/revisions\/487272"}],"wp:featuredmedia":[{"embeddable":true,"href":"http:\/\/desarrollo.grupomedios.com\/futbol\/wp-json\/wp\/v2\/media\/405865"}],"wp:attachment":[{"href":"http:\/\/desarrollo.grupomedios.com\/futbol\/wp-json\/wp\/v2\/media?parent=487269"}],"wp:term":[{"taxonomy":"category","embeddable":true,"href":"http:\/\/desarrollo.grupomedios.com\/futbol\/wp-json\/wp\/v2\/categories?post=487269"},{"taxonomy":"post_tag","embeddable":true,"href":"http:\/\/desarrollo.grupomedios.com\/futbol\/wp-json\/wp\/v2\/tags?post=487269"}],"curies":[{"name":"wp","href":"https:\/\/api.w.org\/{rel}","templated":true}]}}