{"id":487279,"date":"2017-07-07T15:57:07","date_gmt":"2017-07-07T20:57:07","guid":{"rendered":"https:\/\/www.futboltotal.com.mx\/?p=487279"},"modified":"2017-07-07T15:58:25","modified_gmt":"2017-07-07T20:58:25","slug":"mbappe-firma-contrato-y-no-es-monaco","status":"publish","type":"post","link":"http:\/\/desarrollo.grupomedios.com\/futbol\/futbol-internacional\/mbappe-firma-contrato-y-no-es-monaco\/2017\/07","title":{"rendered":"Mbapp\u00e9 firma contrato y no es con el M\u00f3naco"},"content":{"rendered":"<p>El jugador franc\u00e9s del <strong><a href=\"https:\/\/www.futboltotal.com.mx\/2017\/07\/arsenal-ofrece-una-millonada-monaco-mbappe\/\" target=\"_blank\" rel=\"noopener noreferrer\"><span style=\"color: #333399;\">M\u00f3naco<\/span><\/a>, <a href=\"https:\/\/www.futboltotal.com.mx\/2017\/07\/kylian-mbappe-ya-habria-dejado-al-monaco\/\" target=\"_blank\" rel=\"noopener noreferrer\"><span style=\"color: #333399;\">Kylian Mbapp\u00e9<\/span><\/a>,<\/strong> anunci\u00f3 este viernes su renovaci\u00f3n con <a href=\"https:\/\/www.futboltotal.com.mx\/2017\/07\/reyes-y-lozano-juegan-cascarita-con-nike\/\" target=\"_blank\" rel=\"noopener noreferrer\"><span style=\"color: #333399;\"><strong>Nike<\/strong><\/span><\/a>, pese a que muchos daban por hecho que cambiar\u00eda a la marca estadounidense por <strong><a href=\"https:\/\/www.futboltotal.com.mx\/2017\/06\/adidas-vestira-al-atlas\/\" target=\"_blank\" rel=\"noopener noreferrer\"><span style=\"color: #333399;\">Adida<\/span><\/a>s<\/strong>, sin embargo la<em> Joya Francesa<\/em> extendi\u00f3 su relaci\u00f3n contractual con los de la palomita.<\/p>\n<p style=\"text-align: center;\"><a href=\"https:\/\/www.futboltotal.com.mx\/2017\/07\/cruz-azul-nuevo-portero-paraguayo\/\" target=\"_blank\" rel=\"noopener noreferrer\"><span style=\"color: #333399;\">VER M\u00c1S:\u00a0<\/span><span style=\"color: #333399;\">Cruz Azul tiene nuevo portero paraguayo<\/span><\/a><\/p>\n<p><strong>Mbapp\u00e9<\/strong> hizo p\u00fablica su renovaci\u00f3n en su cuenta oficial de <strong>Twitter<\/strong> en donde se puede ver al jugador franc\u00e9s firmando el nuevo contrato con <strong>Nike<\/strong>.<\/p>\n<p style=\"text-align: center;\"><a href=\"https:\/\/www.futboltotal.com.mx\/2017\/07\/lukaku-seria-nuevo-jugador-del-manchester-united\/\" target=\"_blank\" rel=\"noopener noreferrer\"><span style=\"color: #333399;\">VER M\u00c1S:\u00a0<\/span><span style=\"color: #333399;\">Se filtra imagen de Lukaku vistiendo la camiseta del Man U<\/span><\/a><\/p>\n<p>&nbsp;<\/p>\n<blockquote class=\"twitter-tweet\" data-lang=\"es\">\n<p dir=\"ltr\" lang=\"fr\">Prolongation chez <a href=\"https:\/\/twitter.com\/nikefootball\">@nikefootball<\/a> &#x1f4dd;&#x1f4dd;.<br \/>\nOn change pas une \u00e9quipe qui gagne &#x1f525;&#x1f44c;&#x1f3fd; <a href=\"https:\/\/t.co\/m2zcMwhoPQ\">pic.twitter.com\/m2zcMwhoPQ<\/a><\/p>\n<p>\u2014 Kylian Mbapp\u00e9 (@KMbappe) <a href=\"https:\/\/twitter.com\/KMbappe\/status\/883399885311008769\">7 de julio de 2017<\/a><\/p><\/blockquote>\n<p><script async src=\"\/\/platform.twitter.com\/widgets.js\" charset=\"utf-8\"><\/script><\/p>\n<p>\u201cProlongaci\u00f3n con Nike. No se cambia a un equipo ganador\u201d, public\u00f3 el jugador galo. Muchos medios aseguraron que firmar\u00eda con la marca de las tres franjas para acercarse al <a href=\"https:\/\/www.futboltotal.com.mx\/2017\/07\/real-madrid-oficial-la-llegada-nuevo-refuerzo\/\" target=\"_blank\" rel=\"noopener noreferrer\"><span style=\"color: #333399;\"><strong>Real Madrid<\/strong><\/span><\/a>, sin embargo, su renovaci\u00f3n con la marca que viste al <strong>M\u00f3naco<\/strong> parece dejar abierta su continuidad con el cuadro del principado.<\/p>\n","protected":false},"excerpt":{"rendered":"<p>Mbapp\u00e9 acab\u00f3 con los rumores y firma extensi\u00f3n de contrato.<\/p>\n","protected":false},"author":20,"featured_media":486362,"comment_status":"closed","ping_status":"closed","sticky":false,"template":"","format":"standard","meta":[],"categories":[3839],"tags":[1560,8525,6093,377,5988],"_links":{"self":[{"href":"http:\/\/desarrollo.grupomedios.com\/futbol\/wp-json\/wp\/v2\/posts\/487279"}],"collection":[{"href":"http:\/\/desarrollo.grupomedios.com\/futbol\/wp-json\/wp\/v2\/posts"}],"about":[{"href":"http:\/\/desarrollo.grupomedios.com\/futbol\/wp-json\/wp\/v2\/types\/post"}],"author":[{"embeddable":true,"href":"http:\/\/desarrollo.grupomedios.com\/futbol\/wp-json\/wp\/v2\/users\/20"}],"replies":[{"embeddable":true,"href":"http:\/\/desarrollo.grupomedios.com\/futbol\/wp-json\/wp\/v2\/comments?post=487279"}],"version-history":[{"count":2,"href":"http:\/\/desarrollo.grupomedios.com\/futbol\/wp-json\/wp\/v2\/posts\/487279\/revisions"}],"predecessor-version":[{"id":487281,"href":"http:\/\/desarrollo.grupomedios.com\/futbol\/wp-json\/wp\/v2\/posts\/487279\/revisions\/487281"}],"wp:featuredmedia":[{"embeddable":true,"href":"http:\/\/desarrollo.grupomedios.com\/futbol\/wp-json\/wp\/v2\/media\/486362"}],"wp:attachment":[{"href":"http:\/\/desarrollo.grupomedios.com\/futbol\/wp-json\/wp\/v2\/media?parent=487279"}],"wp:term":[{"taxonomy":"category","embeddable":true,"href":"http:\/\/desarrollo.grupomedios.com\/futbol\/wp-json\/wp\/v2\/categories?post=487279"},{"taxonomy":"post_tag","embeddable":true,"href":"http:\/\/desarrollo.grupomedios.com\/futbol\/wp-json\/wp\/v2\/tags?post=487279"}],"curies":[{"name":"wp","href":"https:\/\/api.w.org\/{rel}","templated":true}]}}