{"id":487282,"date":"2017-07-07T16:25:21","date_gmt":"2017-07-07T21:25:21","guid":{"rendered":"https:\/\/www.futboltotal.com.mx\/?p=487282"},"modified":"2017-07-07T16:25:21","modified_gmt":"2017-07-07T21:25:21","slug":"guardado-reta-canelo-pelea-en-las-vegas","status":"publish","type":"post","link":"http:\/\/desarrollo.grupomedios.com\/futbol\/futbol-internacional\/guardado-reta-canelo-pelea-en-las-vegas\/2017\/07","title":{"rendered":"Guardado reta al &#8216;Canelo&#8217; \u00c1lvarez a una pelea en Las Vegas"},"content":{"rendered":"<p><a href=\"https:\/\/www.futboltotal.com.mx\/2017\/07\/video-del-boxeador-guardado-llegando-a-betis-mariachi\/\" target=\"_blank\" rel=\"noopener noreferrer\"><span style=\"color: #333399;\"><strong>Andr\u00e9s Guardado<\/strong><\/span><\/a>, nuevo jugador del <span style=\"color: #333399;\"><a style=\"color: #333399;\" href=\"https:\/\/www.futboltotal.com.mx\/2017\/07\/betis-oficial-la-llegada-andres-guardado\/\" target=\"_blank\" rel=\"noopener noreferrer\"><strong>Real Betis<\/strong><\/a><\/span> de <strong>Espa\u00f1a<\/strong>, fue presentado con los<em> Verdiblancos<\/em> como toda una estrella del boxeo al bajar al terreno de juego del <strong>Estadio Benito Villamar\u00edn<\/strong> portando careta y guantes.<\/p>\n<p style=\"text-align: center;\"><a href=\"https:\/\/www.futboltotal.com.mx\/2017\/07\/lukaku-seria-nuevo-jugador-del-manchester-united\/\" target=\"_blank\" rel=\"noopener noreferrer\"><span style=\"color: #333399;\">VER M\u00c1S:\u00a0Se filtra imagen de Lukaku vistiendo la camiseta del Man U<\/span><\/a><\/p>\n<p>Ya entrado en su papel, <em>El principito<\/em> agarr\u00f3 confianza y lanz\u00f3 un reto al pugilista profesional<a href=\"https:\/\/www.futboltotal.com.mx\/2017\/06\/canelo-alvarez-se-burlo-chavez-jr-eligio-messi-cristiano\/\" target=\"_blank\" rel=\"noopener noreferrer\"><span style=\"color: #333399;\"> <strong>Sa\u00fal<\/strong> \u2018Canelo\u2019 <\/span><\/a><strong><span style=\"color: #333399;\">\u00c1lvarez<\/span>.<\/strong><\/p>\n<p>\u201cCanelo ya viste mi t\u00e9cnica que tengo, por ah\u00ed lo puedo retar a una pelea en Las Vegas, a ver qu\u00e9 tal\u201d, dijo el jugador mexicano en un video que el conjunto espa\u00f1ol comparti\u00f3 en su cuenta de Twitter.<\/p>\n<p style=\"text-align: center;\"><a href=\"https:\/\/www.futboltotal.com.mx\/2017\/07\/mbappe-firma-contrato-y-no-es-monaco\/\" target=\"_blank\" rel=\"noopener noreferrer\"><span style=\"color: #333399;\">VER M\u00c1S:\u00a0<\/span><span style=\"color: #333399;\">Mbapp\u00e9 firma contrato y no es con el M\u00f3naco<\/span><\/a><\/p>\n<p>&nbsp;<\/p>\n<blockquote class=\"twitter-video\" data-lang=\"es\">\n<p dir=\"ltr\" lang=\"es\">\u00a1Hola, <a href=\"https:\/\/twitter.com\/Canelo\">@Canelo<\/a>!  \u00bfViste c\u00f3mo boxea <a href=\"https:\/\/twitter.com\/AGuardado18\">@AGuardado18<\/a>? <\/p>\n<p>\u00bfAceptas el reto?  <a href=\"https:\/\/t.co\/MRNguLuUWj\">pic.twitter.com\/MRNguLuUWj<\/a><\/p>\n<p>\u2014 Real Betis Balompi\u00e9 (@RealBetis) <a href=\"https:\/\/twitter.com\/RealBetis\/status\/883408743236554752\">7 de julio de 2017<\/a><\/p><\/blockquote>\n<p><script async src=\"\/\/platform.twitter.com\/widgets.js\" charset=\"utf-8\"><\/script><\/p>\n","protected":false},"excerpt":{"rendered":"<p>Andr\u00e9s Guardado ret\u00f3 al &#8216;Canelo&#8217; a un combate en Las Vegas<\/p>\n","protected":false},"author":20,"featured_media":487246,"comment_status":"closed","ping_status":"closed","sticky":false,"template":"","format":"standard","meta":[],"categories":[5419,3839,6718],"tags":[6046,8345,8550,1192,8537],"_links":{"self":[{"href":"http:\/\/desarrollo.grupomedios.com\/futbol\/wp-json\/wp\/v2\/posts\/487282"}],"collection":[{"href":"http:\/\/desarrollo.grupomedios.com\/futbol\/wp-json\/wp\/v2\/posts"}],"about":[{"href":"http:\/\/desarrollo.grupomedios.com\/futbol\/wp-json\/wp\/v2\/types\/post"}],"author":[{"embeddable":true,"href":"http:\/\/desarrollo.grupomedios.com\/futbol\/wp-json\/wp\/v2\/users\/20"}],"replies":[{"embeddable":true,"href":"http:\/\/desarrollo.grupomedios.com\/futbol\/wp-json\/wp\/v2\/comments?post=487282"}],"version-history":[{"count":1,"href":"http:\/\/desarrollo.grupomedios.com\/futbol\/wp-json\/wp\/v2\/posts\/487282\/revisions"}],"predecessor-version":[{"id":487284,"href":"http:\/\/desarrollo.grupomedios.com\/futbol\/wp-json\/wp\/v2\/posts\/487282\/revisions\/487284"}],"wp:featuredmedia":[{"embeddable":true,"href":"http:\/\/desarrollo.grupomedios.com\/futbol\/wp-json\/wp\/v2\/media\/487246"}],"wp:attachment":[{"href":"http:\/\/desarrollo.grupomedios.com\/futbol\/wp-json\/wp\/v2\/media?parent=487282"}],"wp:term":[{"taxonomy":"category","embeddable":true,"href":"http:\/\/desarrollo.grupomedios.com\/futbol\/wp-json\/wp\/v2\/categories?post=487282"},{"taxonomy":"post_tag","embeddable":true,"href":"http:\/\/desarrollo.grupomedios.com\/futbol\/wp-json\/wp\/v2\/tags?post=487282"}],"curies":[{"name":"wp","href":"https:\/\/api.w.org\/{rel}","templated":true}]}}