{"id":487283,"date":"2017-07-07T16:29:03","date_gmt":"2017-07-07T21:29:03","guid":{"rendered":"https:\/\/www.futboltotal.com.mx\/?p=487283"},"modified":"2017-07-07T16:56:35","modified_gmt":"2017-07-07T21:56:35","slug":"guillermo-ochoa-suena-llegar-a-belgica","status":"publish","type":"post","link":"http:\/\/desarrollo.grupomedios.com\/futbol\/destacado-home\/guillermo-ochoa-suena-llegar-a-belgica\/2017\/07","title":{"rendered":"Guillermo Ochoa suena para llegar a B\u00e9lgica"},"content":{"rendered":"<p>El portero mexicano, <strong>Guillermo Ochoa<\/strong>, dejar\u00eda la liga de Espa\u00f1a y podr\u00eda llegar al futbol de B\u00e9lgica con el <strong>Standard de Lieja<\/strong>.<\/p>\n<p style=\"text-align: center;\"><span style=\"color: #333399;\"><a style=\"color: #333399;\" href=\"https:\/\/www.futboltotal.com.mx\/2017\/07\/inter-milan-se-suma-a-la-lucha-alexis-sanchez\/\" target=\"_blank\" rel=\"noopener noreferrer\">VER M\u00c1S: Inter de Milan sue\u00f1a con Alexis S\u00e1nchez<\/a><\/span><\/p>\n<p>De acuerdo con el programa de<em> ESPN &#8216;Jorge Ramos &amp; Banda&#8217;<\/em>, quien lo da como un hecho, el arquero azteca llegar\u00e1 al equipo belga.<\/p>\n<p>Guillermo Ochoa, portero de <a href=\"https:\/\/twitter.com\/miseleccionmx\">@miseleccionmx<\/a> jugara en el <a href=\"https:\/\/twitter.com\/Standard_RSCL\">@Standard_RSCL<\/a> de Belgica la siguiente temporada!<\/p>\n<blockquote class=\"twitter-tweet\" data-lang=\"es\"><p>\u00bfCorrecta la decisi\u00f3n de Memo? <a href=\"https:\/\/t.co\/rc3zfhGvuM\">pic.twitter.com\/rc3zfhGvuM<\/a><\/p>\n<p>\u2014 Jorge Ramos &amp; Banda (@ESPN_JorgeRamos) <a href=\"https:\/\/twitter.com\/ESPN_JorgeRamos\/status\/883416578284548096\">7 de julio de 2017<\/a><\/p><\/blockquote>\n<p><script async src=\"\/\/platform.twitter.com\/widgets.js\" charset=\"utf-8\"><\/script><\/p>\n<p>Este rumor ha llegado hasta los fan\u00e1ticos del club belga, quienes se han mostrado entusiastas con la llegada de <strong>Ochoa<\/strong> al club que tiene 10 t\u00edtulos de liga.<\/p>\n<p>Hasta hace un a\u00f1o, el <strong>ex Barcelona<\/strong>,\u00a0<b>V\u00edctor Vald\u00e9s,\u00a0<\/b>era quien defend\u00eda los tres palos del\u00a0<strong>Standard de Lieja<\/strong>.<\/p>\n<blockquote class=\"twitter-tweet\" data-lang=\"es\">\n<p dir=\"ltr\" lang=\"fr\">La presse mexicaine est de plus en plus affirmative, Guillermo Ochoa pourrait rejoindre les rouches ! &#x1f60d;&#x1f534;\u26bd <a href=\"https:\/\/t.co\/N9eplsu2RO\">pic.twitter.com\/N9eplsu2RO<\/a><\/p>\n<p>\u2014 Standard de li\u00e8ge (@TousEnsembleSL) <a href=\"https:\/\/twitter.com\/TousEnsembleSL\/status\/883431104010747904\">7 de julio de 2017<\/a><\/p><\/blockquote>\n<p><script async src=\"\/\/platform.twitter.com\/widgets.js\" charset=\"utf-8\"><\/script><\/p>\n<p>El periodista, <strong>David Faitelson<\/strong>, tambi\u00e9n da como un hecho la llegada de <strong>Guillermo Ochoa<\/strong> a <strong>B\u00e9lgica<\/strong> a trav\u00e9s de sus redes sociales.<\/p>\n<blockquote class=\"twitter-tweet\" data-lang=\"es\">\n<p dir=\"ltr\" lang=\"es\">Un aplauso para Guillermo Ochoa. Va a B\u00e9lgica (Standard-Lieja) y &#8220;resiste&#8221; la tentaci\u00f3n de los d\u00f3lares en EU y de volver a M\u00e9xico.<\/p>\n<p>\u2014 David Faitelson (@Faitelson_ESPN) <a href=\"https:\/\/twitter.com\/Faitelson_ESPN\/status\/883436597277892608\">7 de julio de 2017<\/a><\/p><\/blockquote>\n<p><script async src=\"\/\/platform.twitter.com\/widgets.js\" charset=\"utf-8\"><\/script><\/p>\n<p style=\"text-align: center;\"><span style=\"color: #333399;\"><a style=\"color: #333399;\" href=\"https:\/\/www.futboltotal.com.mx\/2017\/07\/turquia-alejan-a-gary-medel-tigres\/\" target=\"_blank\" rel=\"noopener noreferrer\">VER M\u00c1S: Desde Turqu\u00eda alejan a Gary Medel de Tigres<\/a><\/span><\/p>\n<p>&nbsp;<\/p>\n","protected":false},"excerpt":{"rendered":"<p>El guardameta mexicano est\u00e1 en busca de un nuevo equipo; ser\u00eda otro club de Europa, pues ha insistido en mantenerse en el Viejo Continente<\/p>\n","protected":false},"author":20,"featured_media":481625,"comment_status":"closed","ping_status":"closed","sticky":false,"template":"","format":"standard","meta":[],"categories":[5,7740,3839],"tags":[599,5991,2252],"_links":{"self":[{"href":"http:\/\/desarrollo.grupomedios.com\/futbol\/wp-json\/wp\/v2\/posts\/487283"}],"collection":[{"href":"http:\/\/desarrollo.grupomedios.com\/futbol\/wp-json\/wp\/v2\/posts"}],"about":[{"href":"http:\/\/desarrollo.grupomedios.com\/futbol\/wp-json\/wp\/v2\/types\/post"}],"author":[{"embeddable":true,"href":"http:\/\/desarrollo.grupomedios.com\/futbol\/wp-json\/wp\/v2\/users\/20"}],"replies":[{"embeddable":true,"href":"http:\/\/desarrollo.grupomedios.com\/futbol\/wp-json\/wp\/v2\/comments?post=487283"}],"version-history":[{"count":1,"href":"http:\/\/desarrollo.grupomedios.com\/futbol\/wp-json\/wp\/v2\/posts\/487283\/revisions"}],"predecessor-version":[{"id":487285,"href":"http:\/\/desarrollo.grupomedios.com\/futbol\/wp-json\/wp\/v2\/posts\/487283\/revisions\/487285"}],"wp:featuredmedia":[{"embeddable":true,"href":"http:\/\/desarrollo.grupomedios.com\/futbol\/wp-json\/wp\/v2\/media\/481625"}],"wp:attachment":[{"href":"http:\/\/desarrollo.grupomedios.com\/futbol\/wp-json\/wp\/v2\/media?parent=487283"}],"wp:term":[{"taxonomy":"category","embeddable":true,"href":"http:\/\/desarrollo.grupomedios.com\/futbol\/wp-json\/wp\/v2\/categories?post=487283"},{"taxonomy":"post_tag","embeddable":true,"href":"http:\/\/desarrollo.grupomedios.com\/futbol\/wp-json\/wp\/v2\/tags?post=487283"}],"curies":[{"name":"wp","href":"https:\/\/api.w.org\/{rel}","templated":true}]}}