{"id":487290,"date":"2017-07-07T17:55:40","date_gmt":"2017-07-07T22:55:40","guid":{"rendered":"https:\/\/www.futboltotal.com.mx\/?p=487290"},"modified":"2017-07-07T17:55:40","modified_gmt":"2017-07-07T22:55:40","slug":"liga-mx-actualiza-escudo-chivas","status":"publish","type":"post","link":"http:\/\/desarrollo.grupomedios.com\/futbol\/futbol-mexicano\/liga-mx-actualiza-escudo-chivas\/2017\/07","title":{"rendered":"Liga MX actualiza escudo de Chivas para el Apertura 2017"},"content":{"rendered":"<p>La<a href=\"https:\/\/www.futboltotal.com.mx\/2017\/06\/liga-mx-pagaria-millonada-estrenar-var\/\" target=\"_blank\" rel=\"noopener noreferrer\"><span style=\"color: #333399;\"><strong> Liga MX<\/strong><\/span><\/a> actualiz\u00f3 el escudo de las<a href=\"https:\/\/www.futboltotal.com.mx\/2017\/07\/chivas-vuelve-a-perder-en-pretemporada-ahora-en-clasico-tapatio\/\" target=\"_blank\" rel=\"noopener noreferrer\"><span style=\"color: #333399;\"><strong> Chivas<\/strong><\/span><\/a>, \u00faltimo campe\u00f3n del futbol mexicano en el <a href=\"https:\/\/www.futboltotal.com.mx\/2017\/06\/arbitro-la-final-chiva-tigres-elegido-mejor-del-clausura-2017\/\" target=\"_blank\" rel=\"noopener noreferrer\"><span style=\"color: #333399;\"><strong>Clausura 2017<\/strong><\/span><\/a>, donde figura la doceava estrella del <em>Reba\u00f1o Sagrado.<\/em><\/p>\n<p>El organismo rector del balompi\u00e9 azteca ya plasm\u00f3 el doceavo t\u00edtulo del <em>Chiver\u00edo<\/em> de cara al inicio del <strong>Apertura 2017<\/strong>, por lo que a partir de esta semana la estrella aparecer\u00e1 en la parte de arriba del escudo.<\/p>\n<p style=\"text-align: center;\"><a href=\"https:\/\/www.futboltotal.com.mx\/2017\/07\/jugadores-del-athletic-se-rapan-en-apoyo-a-companero-con-cancer\/\" target=\"_blank\" rel=\"noopener noreferrer\"><span style=\"color: #333399;\">VER M\u00c1S:\u00a0Jugadores del Athletic se rapan en apoyo a compa\u00f1ero con c\u00e1ncer<\/span><\/a><\/p>\n<p>Este escudo ya est\u00e1 siendo utilizado desde hace algunos d\u00edas por el departamento de Comunicaci\u00f3n del conjunto propiedad de <a href=\"https:\/\/www.futboltotal.com.mx\/2017\/06\/jorge-vergara-cumple-apuesta-restriega-titulo\/\" target=\"_blank\" rel=\"noopener noreferrer\"><span style=\"color: #333399;\"><strong>Jorge Vergara<\/strong><\/span><\/a>, tanto en redes sociales como en el sitio oficial del club.<\/p>\n<p>Mientras que la nueva indumentaria del conjunto <em>Rojiblanco<\/em> ser\u00e1 presentado de manera oficial el pr\u00f3ximo 13 de julio en la cancha del <strong>Estadio de Chivas. \u00a0 <\/strong><\/p>\n<p style=\"text-align: center;\"><a href=\"https:\/\/www.futboltotal.com.mx\/2017\/07\/guillermo-ochoa-suena-llegar-a-belgica\/\" target=\"_blank\" rel=\"noopener noreferrer\"><span style=\"color: #333399;\">VER M\u00c1S:\u00a0<\/span><\/a><span style=\"color: #333399;\">Guillermo Ochoa suena para llegar a B\u00e9lgica<\/span><\/p>\n<p style=\"text-align: center;\"><a href=\"https:\/\/www.futboltotal.com.mx\/wp-content\/uploads\/2017\/07\/DEKkRoJUIAAkIJC.jpg\"><img decoding=\"async\" loading=\"lazy\" class=\"alignnone size-medium wp-image-487291\" src=\"https:\/\/www.futboltotal.com.mx\/wp-content\/uploads\/2017\/07\/DEKkRoJUIAAkIJC-300x169.jpg\" alt=\"Liga MX actualiza escudo de Chivas para el Apertura 2017 0\" srcset=\"http:\/\/desarrollo.grupomedios.com\/futbol\/wp-content\/uploads\/2017\/07\/DEKkRoJUIAAkIJC-300x169.jpg 300w, http:\/\/desarrollo.grupomedios.com\/futbol\/wp-content\/uploads\/2017\/07\/DEKkRoJUIAAkIJC-768x432.jpg 768w, http:\/\/desarrollo.grupomedios.com\/futbol\/wp-content\/uploads\/2017\/07\/DEKkRoJUIAAkIJC-1024x576.jpg 1024w, http:\/\/desarrollo.grupomedios.com\/futbol\/wp-content\/uploads\/2017\/07\/DEKkRoJUIAAkIJC-1136x639.jpg 1136w, http:\/\/desarrollo.grupomedios.com\/futbol\/wp-content\/uploads\/2017\/07\/DEKkRoJUIAAkIJC-317x178.jpg 317w, http:\/\/desarrollo.grupomedios.com\/futbol\/wp-content\/uploads\/2017\/07\/DEKkRoJUIAAkIJC-535x301.jpg 535w, http:\/\/desarrollo.grupomedios.com\/futbol\/wp-content\/uploads\/2017\/07\/DEKkRoJUIAAkIJC-374x210.jpg 374w, http:\/\/desarrollo.grupomedios.com\/futbol\/wp-content\/uploads\/2017\/07\/DEKkRoJUIAAkIJC.jpg 1200w\" sizes=\"(max-width: 300px) 100vw, 300px\" \/><\/a><\/p>\n","protected":false},"excerpt":{"rendered":"<p>Escudo de Chivas ya luce la doceava estrella<\/p>\n","protected":false},"author":20,"featured_media":484490,"comment_status":"closed","ping_status":"closed","sticky":false,"template":"","format":"standard","meta":[],"categories":[5419,2198],"tags":[70,243,64],"_links":{"self":[{"href":"http:\/\/desarrollo.grupomedios.com\/futbol\/wp-json\/wp\/v2\/posts\/487290"}],"collection":[{"href":"http:\/\/desarrollo.grupomedios.com\/futbol\/wp-json\/wp\/v2\/posts"}],"about":[{"href":"http:\/\/desarrollo.grupomedios.com\/futbol\/wp-json\/wp\/v2\/types\/post"}],"author":[{"embeddable":true,"href":"http:\/\/desarrollo.grupomedios.com\/futbol\/wp-json\/wp\/v2\/users\/20"}],"replies":[{"embeddable":true,"href":"http:\/\/desarrollo.grupomedios.com\/futbol\/wp-json\/wp\/v2\/comments?post=487290"}],"version-history":[{"count":1,"href":"http:\/\/desarrollo.grupomedios.com\/futbol\/wp-json\/wp\/v2\/posts\/487290\/revisions"}],"predecessor-version":[{"id":487292,"href":"http:\/\/desarrollo.grupomedios.com\/futbol\/wp-json\/wp\/v2\/posts\/487290\/revisions\/487292"}],"wp:featuredmedia":[{"embeddable":true,"href":"http:\/\/desarrollo.grupomedios.com\/futbol\/wp-json\/wp\/v2\/media\/484490"}],"wp:attachment":[{"href":"http:\/\/desarrollo.grupomedios.com\/futbol\/wp-json\/wp\/v2\/media?parent=487290"}],"wp:term":[{"taxonomy":"category","embeddable":true,"href":"http:\/\/desarrollo.grupomedios.com\/futbol\/wp-json\/wp\/v2\/categories?post=487290"},{"taxonomy":"post_tag","embeddable":true,"href":"http:\/\/desarrollo.grupomedios.com\/futbol\/wp-json\/wp\/v2\/tags?post=487290"}],"curies":[{"name":"wp","href":"https:\/\/api.w.org\/{rel}","templated":true}]}}