{"id":487325,"date":"2017-07-08T10:04:22","date_gmt":"2017-07-08T15:04:22","guid":{"rendered":"https:\/\/www.futboltotal.com.mx\/?p=487325"},"modified":"2017-07-08T10:04:22","modified_gmt":"2017-07-08T15:04:22","slug":"mexico-se-ha-equivocado-los-vende-humo","status":"publish","type":"post","link":"http:\/\/desarrollo.grupomedios.com\/futbol\/futbol-mexicano\/mexico-se-ha-equivocado-los-vende-humo\/2017\/07","title":{"rendered":"&#8220;M\u00e9xico se ha equivocado con los vende humo&#8221;"},"content":{"rendered":"<p>&nbsp;<\/p>\n<p>El ex estratega de la <strong>Selecci\u00f3n Mexicana<\/strong>, <strong>Ricardo La Volpe<\/strong>, critic\u00f3 duramente a <strong>Juan Carlos Osorio<\/strong>, actual DT del Tri, por las rotaciones que ha hecho.<\/p>\n<p>Imag\u00ednate decirle a <strong>Maradona<\/strong> que no va a jugar. Es m\u00e1s hasta <strong>Valderrama<\/strong> habl\u00f3, \u00bfT\u00fa crees que <strong>Alexis<\/strong>, <strong>Vidal<\/strong>, se cansan de jugar? Los titulares han existido siempre y esto no te lo digo como t\u00e9cnico, c\u00f3mo jugador, porque prepar\u00e9 un Mundial con <strong>Cesar Luis Menotti<\/strong>. Lo que quiero decir es que estos trabajos son para crear un equipo, entonces la rotaci\u00f3n, tras rotaci\u00f3n no hacen un equipo&#8221;, extern\u00f3 <strong>La Volpe<\/strong> en una entrevista para <em>Marca<\/em>.<\/p>\n<p style=\"text-align: center;\"><span style=\"color: #333399;\"><a style=\"color: #333399;\" href=\"https:\/\/www.futboltotal.com.mx\/2017\/07\/guillermo-ochoa-suena-llegar-a-belgica\/\" target=\"_blank\" rel=\"noopener noreferrer\">VER M\u00c1S: Memo Ochoa llegar\u00e1 al futbol de B\u00e9lgica<\/a><\/span><\/p>\n<p>Tambi\u00e9n indic\u00f3 que a <strong>M\u00e9xico <\/strong>le falta un director general que coordine los trabajos en periodos de mediano y largo plazo.<\/p>\n<blockquote><p>&#8220;<strong>Si nos quieren vender humo, pues&#8230;\u00a0M\u00e9xico se ha equivocado con los vende humo.\u00a0<\/strong>Falta alguien, un director general que ponga los trabajos, que tengamos trabajos a mediano y largo plazo, entonces siempre va a pasar, que nos cansemos de los cachetazos, porque con todos los jugadores que salen, vienen las derrotas. La gente dice &#8216;Finalmente tenemos figuras y \u00bfD\u00f3nde est\u00e1 el crecimiento del f\u00fatbol mexicano?&#8221;, puntualiz\u00f3 el estratega.<\/p><\/blockquote>\n<p style=\"text-align: center;\"><span style=\"color: #333399;\"><a style=\"color: #333399;\" href=\"https:\/\/www.futboltotal.com.mx\/2017\/07\/fifa-suspende-6-partidos-a-juan-carlos-osorio\/\" target=\"_blank\" rel=\"noopener noreferrer\">VER M\u00c1S: Osorio suspendido 6 partidos por FIFA<\/a><\/span><\/p>\n","protected":false},"excerpt":{"rendered":"<p>El estratega argentino cuestion\u00f3 las formas con las que ha trabajado Juan Carlos Osorio <\/p>\n","protected":false},"author":20,"featured_media":477858,"comment_status":"closed","ping_status":"closed","sticky":false,"template":"","format":"standard","meta":[],"categories":[2198,3847],"tags":[6196,65,767,409],"_links":{"self":[{"href":"http:\/\/desarrollo.grupomedios.com\/futbol\/wp-json\/wp\/v2\/posts\/487325"}],"collection":[{"href":"http:\/\/desarrollo.grupomedios.com\/futbol\/wp-json\/wp\/v2\/posts"}],"about":[{"href":"http:\/\/desarrollo.grupomedios.com\/futbol\/wp-json\/wp\/v2\/types\/post"}],"author":[{"embeddable":true,"href":"http:\/\/desarrollo.grupomedios.com\/futbol\/wp-json\/wp\/v2\/users\/20"}],"replies":[{"embeddable":true,"href":"http:\/\/desarrollo.grupomedios.com\/futbol\/wp-json\/wp\/v2\/comments?post=487325"}],"version-history":[{"count":1,"href":"http:\/\/desarrollo.grupomedios.com\/futbol\/wp-json\/wp\/v2\/posts\/487325\/revisions"}],"predecessor-version":[{"id":487326,"href":"http:\/\/desarrollo.grupomedios.com\/futbol\/wp-json\/wp\/v2\/posts\/487325\/revisions\/487326"}],"wp:featuredmedia":[{"embeddable":true,"href":"http:\/\/desarrollo.grupomedios.com\/futbol\/wp-json\/wp\/v2\/media\/477858"}],"wp:attachment":[{"href":"http:\/\/desarrollo.grupomedios.com\/futbol\/wp-json\/wp\/v2\/media?parent=487325"}],"wp:term":[{"taxonomy":"category","embeddable":true,"href":"http:\/\/desarrollo.grupomedios.com\/futbol\/wp-json\/wp\/v2\/categories?post=487325"},{"taxonomy":"post_tag","embeddable":true,"href":"http:\/\/desarrollo.grupomedios.com\/futbol\/wp-json\/wp\/v2\/tags?post=487325"}],"curies":[{"name":"wp","href":"https:\/\/api.w.org\/{rel}","templated":true}]}}