{"id":487331,"date":"2017-07-08T10:38:27","date_gmt":"2017-07-08T15:38:27","guid":{"rendered":"https:\/\/www.futboltotal.com.mx\/?p=487331"},"modified":"2017-07-08T10:58:11","modified_gmt":"2017-07-08T15:58:11","slug":"guido-pizarro-se-despide-sus-companeros-en-tigres","status":"publish","type":"post","link":"http:\/\/desarrollo.grupomedios.com\/futbol\/futbol-mexicano\/guido-pizarro-se-despide-sus-companeros-en-tigres\/2017\/07","title":{"rendered":"Guido Pizarro se despide de sus compa\u00f1eros en Tigres"},"content":{"rendered":"<p style=\"text-align: center;\"><span style=\"color: #333399;\"><a style=\"color: #333399;\" href=\"https:\/\/www.futboltotal.com.mx\/2017\/07\/10-figuras-te-debes-perder-en-la-copa-oro-2017\/\" target=\"_blank\" rel=\"noopener noreferrer\">VER M\u00c1S: 10 figuras que no debes perderte en la Copa Oro<\/a><\/span><\/p>\n<p><strong>Guido Pizarro<\/strong> se despidi\u00f3 este s\u00e1bado del plantel de <strong>Tigres<\/strong>, el argentino continuar\u00e1 su carrera en el Viejo Continente, jugar\u00e1 para el <strong>Sevilla<\/strong>.<\/p>\n<blockquote class=\"twitter-tweet\" data-lang=\"es\">\n<p dir=\"ltr\" lang=\"es\">Guido Pizarro se despide del plantel de Tigres <a href=\"https:\/\/t.co\/87xFYofSY5\">https:\/\/t.co\/87xFYofSY5<\/a><\/p>\n<p>\u2014 CLUB TIGRES OFICIAL (@TigresOficial) <a href=\"https:\/\/twitter.com\/TigresOficial\/status\/883687271580418050\">8 de julio de 2017<\/a><\/p><\/blockquote>\n<p><script async src=\"\/\/platform.twitter.com\/widgets.js\" charset=\"utf-8\"><\/script><\/p>\n<p>Por su parte, el <strong>Sevilla<\/strong> lanz\u00f3 un tuit informando que <strong>Pizarro<\/strong> ya est\u00e1 con rumbo a la ciudad espa\u00f1ola para realizar las pruebas m\u00e9dicas correspondientes.<\/p>\n<blockquote class=\"twitter-tweet\" data-lang=\"es\">\n<p dir=\"ltr\" lang=\"es\">Guido Pizarro viaja a Sevilla para pasar las pruebas m\u00e9dicas<\/p>\n<p>\u27a1 <a href=\"https:\/\/t.co\/p0OjXU4OHQ\">https:\/\/t.co\/p0OjXU4OHQ<\/a> <a href=\"https:\/\/t.co\/vRndu4gK6K\">pic.twitter.com\/vRndu4gK6K<\/a><\/p>\n<p>\u2014 Sevilla F\u00fatbol Club (@SevillaFC) <a href=\"https:\/\/twitter.com\/SevillaFC\/status\/883711290270777344\">8 de julio de 2017<\/a><\/p><\/blockquote>\n<p><script async src=\"\/\/platform.twitter.com\/widgets.js\" charset=\"utf-8\"><\/script><\/p>\n<p>Se mantuvo con los felinos por cuatro a\u00f1os, pues lleg\u00f3 en junio de 2013 a San Nicol\u00e1s de los Garza y gan\u00f3 dos t\u00edtulos de liga.<\/p>\n<p style=\"text-align: center;\"><span style=\"color: #333399;\"><a style=\"color: #333399;\" href=\"https:\/\/www.futboltotal.com.mx\/2017\/07\/jesus-molina-mejor-contencion-del-futbol-mexicano-marchesin\/\" target=\"_blank\" rel=\"noopener noreferrer\">VER M\u00c1S: Cardona se ofrece para jugar en Boca Juniors<\/a><\/span><\/p>\n<p>&nbsp;<\/p>\n<p>&nbsp;<\/p>\n","protected":false},"excerpt":{"rendered":"<p>El mediocampista argentino se despidi\u00f3 del plantel felino, pues apunta a jugar en el Viejo Continente<\/p>\n","protected":false},"author":20,"featured_media":444663,"comment_status":"closed","ping_status":"closed","sticky":false,"template":"","format":"standard","meta":[],"categories":[2198,3845],"tags":[3991,76,64,49,5973],"_links":{"self":[{"href":"http:\/\/desarrollo.grupomedios.com\/futbol\/wp-json\/wp\/v2\/posts\/487331"}],"collection":[{"href":"http:\/\/desarrollo.grupomedios.com\/futbol\/wp-json\/wp\/v2\/posts"}],"about":[{"href":"http:\/\/desarrollo.grupomedios.com\/futbol\/wp-json\/wp\/v2\/types\/post"}],"author":[{"embeddable":true,"href":"http:\/\/desarrollo.grupomedios.com\/futbol\/wp-json\/wp\/v2\/users\/20"}],"replies":[{"embeddable":true,"href":"http:\/\/desarrollo.grupomedios.com\/futbol\/wp-json\/wp\/v2\/comments?post=487331"}],"version-history":[{"count":4,"href":"http:\/\/desarrollo.grupomedios.com\/futbol\/wp-json\/wp\/v2\/posts\/487331\/revisions"}],"predecessor-version":[{"id":487335,"href":"http:\/\/desarrollo.grupomedios.com\/futbol\/wp-json\/wp\/v2\/posts\/487331\/revisions\/487335"}],"wp:featuredmedia":[{"embeddable":true,"href":"http:\/\/desarrollo.grupomedios.com\/futbol\/wp-json\/wp\/v2\/media\/444663"}],"wp:attachment":[{"href":"http:\/\/desarrollo.grupomedios.com\/futbol\/wp-json\/wp\/v2\/media?parent=487331"}],"wp:term":[{"taxonomy":"category","embeddable":true,"href":"http:\/\/desarrollo.grupomedios.com\/futbol\/wp-json\/wp\/v2\/categories?post=487331"},{"taxonomy":"post_tag","embeddable":true,"href":"http:\/\/desarrollo.grupomedios.com\/futbol\/wp-json\/wp\/v2\/tags?post=487331"}],"curies":[{"name":"wp","href":"https:\/\/api.w.org\/{rel}","templated":true}]}}