{"id":487363,"date":"2017-07-08T15:13:24","date_gmt":"2017-07-08T20:13:24","guid":{"rendered":"https:\/\/www.futboltotal.com.mx\/?p=487363"},"modified":"2017-07-08T15:13:24","modified_gmt":"2017-07-08T20:13:24","slug":"america-entrena-a-lo-rocky-balboa","status":"publish","type":"post","link":"http:\/\/desarrollo.grupomedios.com\/futbol\/futbol-mexicano\/america-entrena-a-lo-rocky-balboa\/2017\/07","title":{"rendered":"Am\u00e9rica se entrena al estilo de Rocky Balboa"},"content":{"rendered":"<p>Previo al pen\u00faltimo encuentro de preparaci\u00f3n de cara al arranque del <strong>Apertura 2017<\/strong>, <a href=\"https:\/\/www.futboltotal.com.mx\/2017\/07\/seleccionado-chileno-suena-llegar-a-america\/\" target=\"_blank\" rel=\"noopener noreferrer\"><span style=\"color: #333399;\"><strong>Am\u00e9rica<\/strong><\/span><\/a> aprovech\u00f3 su estad\u00eda en la ciudad de Filadelfia para entrenar al m\u00e1s puro estilo de <strong>Silvester Stallone<\/strong> en <strong>Rocky<\/strong>.<\/p>\n<p style=\"text-align: center;\"><a href=\"https:\/\/www.futboltotal.com.mx\/2017\/07\/jackson-martinez-regresaria-a-la-liga-mx\/\" target=\"_blank\" rel=\"noopener noreferrer\"><span style=\"color: #333399;\">VER M\u00c1S:\u00a0<\/span><span style=\"color: #333399;\">Jackson Mart\u00ednez regresar\u00eda a la Liga MX<\/span><\/a><\/p>\n<p><strong><a href=\"https:\/\/www.futboltotal.com.mx\/2017\/07\/diego-lainez-anota-primer-gol-america\/\" target=\"_blank\" rel=\"noopener noreferrer\"><span style=\"color: #333399;\">Diego Lainez<\/span><\/a>, <a href=\"https:\/\/www.futboltotal.com.mx\/2017\/03\/america-enorme-gesto-renato-ibarra\/\" target=\"_blank\" rel=\"noopener noreferrer\"><span style=\"color: #333399;\">Renato Ibarra<\/span><\/a>, <a href=\"https:\/\/www.futboltotal.com.mx\/2017\/06\/orrantia-olvido-a-pumas-y-se-debe-a-america\/\" target=\"_blank\" rel=\"noopener noreferrer\"><span style=\"color: #333399;\">Emilio Orrantia<\/span><\/a>, <a href=\"https:\/\/www.futboltotal.com.mx\/2017\/07\/marchesin-emula-rene-higuita-con-america\/\" target=\"_blank\" rel=\"noopener noreferrer\"><span style=\"color: #333399;\">Agust\u00edn Marches\u00edn<\/span><\/a><\/strong>,\u00a0<a href=\"https:\/\/www.futboltotal.com.mx\/2017\/04\/cecilio-dominguez-vive-peor-momento-america\/\" target=\"_blank\" rel=\"noopener noreferrer\"><span style=\"color: #333399;\"><strong>Cecilio Dom\u00ednguez<\/strong><\/span><\/a> y el preparador f\u00edsico <strong>Giber Becerra<\/strong>, salieron a trotar por las calles donde entren\u00f3 <strong>Rocky Balboa<\/strong> hasta terminar en las escaleras del <strong>Museo de Arte<\/strong>, aquellas que recorri\u00f3<strong> Balboa<\/strong> en la cinta\u00a0estrenada en 1976.<\/p>\n<p><a href=\"https:\/\/www.futboltotal.com.mx\/wp-content\/uploads\/2017\/07\/1-2.jpg\"><img decoding=\"async\" loading=\"lazy\" class=\"size-medium wp-image-487364 aligncenter\" src=\"https:\/\/www.futboltotal.com.mx\/wp-content\/uploads\/2017\/07\/1-2-240x300.jpg\" alt=\"Am\u00e9rica se entrena al estilo de Rocky Balboa 0\" srcset=\"http:\/\/desarrollo.grupomedios.com\/futbol\/wp-content\/uploads\/2017\/07\/1-2-240x300.jpg 240w, http:\/\/desarrollo.grupomedios.com\/futbol\/wp-content\/uploads\/2017\/07\/1-2.jpg 433w\" sizes=\"(max-width: 240px) 100vw, 240px\" \/><\/a><\/p>\n<p style=\"text-align: center;\"><a href=\"https:\/\/www.futboltotal.com.mx\/2017\/07\/barca-esperara-a-verratti-hasta-agosto\/\" target=\"_blank\" rel=\"noopener noreferrer\"><span style=\"color: #333399;\">VER M\u00c1S:\u00a0<\/span><span style=\"color: #333399;\">Bar\u00e7a le dice a Verratti que lo esperan hasta el 31 de agosto<\/span><\/a><\/p>\n<p>La cuenta oficial de <strong>Twitter<\/strong> del <strong>Club Am\u00e9rica<\/strong> public\u00f3 un video de un minuto y 19 segundos, en donde se observa a los futbolistas entrenando y visitando la estatua de Balboa.<\/p>\n<p>&nbsp;<\/p>\n<blockquote class=\"twitter-video\" data-lang=\"es\">\n<p dir=\"ltr\" lang=\"es\">Se acab\u00f3 el entrenamiento <\/p>\n<p>\u00a1Hora de la pelea !<a href=\"https:\/\/twitter.com\/hashtag\/ALoRockyBalboa?src=hash\">#ALoRockyBalboa<\/a>  en Philadelphia <a href=\"https:\/\/t.co\/JQD2IETiwN\">pic.twitter.com\/JQD2IETiwN<\/a><\/p>\n<p>\u2014 Club Am\u00e9rica (@ClubAmerica) <a href=\"https:\/\/twitter.com\/ClubAmerica\/status\/883746287711133696\">8 de julio de 2017<\/a><\/p><\/blockquote>\n<p><script async src=\"\/\/platform.twitter.com\/widgets.js\" charset=\"utf-8\"><\/script><\/p>\n","protected":false},"excerpt":{"rendered":"<p>Jugadores del Club Am\u00e9rica se preparan como Rocky Balboa<\/p>\n","protected":false},"author":20,"featured_media":487109,"comment_status":"closed","ping_status":"closed","sticky":false,"template":"","format":"standard","meta":[],"categories":[5419,2198,3845],"tags":[6118,7881,1774,8300,1142,9294,7468,9293,9292],"_links":{"self":[{"href":"http:\/\/desarrollo.grupomedios.com\/futbol\/wp-json\/wp\/v2\/posts\/487363"}],"collection":[{"href":"http:\/\/desarrollo.grupomedios.com\/futbol\/wp-json\/wp\/v2\/posts"}],"about":[{"href":"http:\/\/desarrollo.grupomedios.com\/futbol\/wp-json\/wp\/v2\/types\/post"}],"author":[{"embeddable":true,"href":"http:\/\/desarrollo.grupomedios.com\/futbol\/wp-json\/wp\/v2\/users\/20"}],"replies":[{"embeddable":true,"href":"http:\/\/desarrollo.grupomedios.com\/futbol\/wp-json\/wp\/v2\/comments?post=487363"}],"version-history":[{"count":1,"href":"http:\/\/desarrollo.grupomedios.com\/futbol\/wp-json\/wp\/v2\/posts\/487363\/revisions"}],"predecessor-version":[{"id":487365,"href":"http:\/\/desarrollo.grupomedios.com\/futbol\/wp-json\/wp\/v2\/posts\/487363\/revisions\/487365"}],"wp:featuredmedia":[{"embeddable":true,"href":"http:\/\/desarrollo.grupomedios.com\/futbol\/wp-json\/wp\/v2\/media\/487109"}],"wp:attachment":[{"href":"http:\/\/desarrollo.grupomedios.com\/futbol\/wp-json\/wp\/v2\/media?parent=487363"}],"wp:term":[{"taxonomy":"category","embeddable":true,"href":"http:\/\/desarrollo.grupomedios.com\/futbol\/wp-json\/wp\/v2\/categories?post=487363"},{"taxonomy":"post_tag","embeddable":true,"href":"http:\/\/desarrollo.grupomedios.com\/futbol\/wp-json\/wp\/v2\/tags?post=487363"}],"curies":[{"name":"wp","href":"https:\/\/api.w.org\/{rel}","templated":true}]}}