{"id":487368,"date":"2017-07-08T16:00:53","date_gmt":"2017-07-08T21:00:53","guid":{"rendered":"https:\/\/www.futboltotal.com.mx\/?p=487368"},"modified":"2017-07-08T16:00:53","modified_gmt":"2017-07-08T21:00:53","slug":"lucas-lobos-regreso-al-volcan-con-tigres","status":"publish","type":"post","link":"http:\/\/desarrollo.grupomedios.com\/futbol\/uncategorized\/lucas-lobos-regreso-al-volcan-con-tigres\/2017\/07","title":{"rendered":"Lucas Lobos volvi\u00f3 al Volc\u00e1n Universitario"},"content":{"rendered":"<p>La pr\u00e1ctica matutina de los <a href=\"https:\/\/www.futboltotal.com.mx\/2017\/07\/valencia-aprueba-examenes-tigres\/\" target=\"_blank\" rel=\"noopener noreferrer\"><span style=\"color: #333399;\"><strong>Tigres de la UANL<\/strong><\/span><\/a> estuvo llena de momentos emotivos, no solo por la despedida de <a href=\"https:\/\/www.futboltotal.com.mx\/2017\/07\/guido-pizarro-se-despide-sus-companeros-en-tigres\/\" target=\"_blank\" rel=\"noopener noreferrer\"><span style=\"color: #333399;\"><strong>Guido Pizarro<\/strong><\/span><\/a>, quien deja a los universitarios para jugar con el <a href=\"https:\/\/www.futboltotal.com.mx\/2017\/07\/guido-pizarro-abandona-pretemporada-tigres-se-acerca-al-sevilla\/\" target=\"_blank\" rel=\"noopener noreferrer\"><span style=\"color: #333399;\"><strong>Sevilla<\/strong><\/span><\/a> de <strong>Espa\u00f1a<\/strong>, sino por la visita de <a href=\"https:\/\/www.futboltotal.com.mx\/2016\/08\/lucas-lobos-ya-nuevo-equipo\/\" target=\"_blank\" rel=\"noopener noreferrer\"><span style=\"color: #333399;\"><strong>Lucas Lobos<\/strong><\/span><\/a>, jugador emblema para los de la <em>Sultana del Norte<\/em> y quien vivi\u00f3 grandes momentos con los felinos.<\/p>\n<p>El mediocampista argentino convivi\u00f3 con algunos de sus compa\u00f1eros con los que comparti\u00f3 vestidor, adem\u00e1s charl\u00f3 con el t\u00e9cnico <a href=\"https:\/\/www.futboltotal.com.mx\/2017\/06\/asi-reacciona-una-nina-al-conocer-al-tuca-ferretti\/\" target=\"_blank\" rel=\"noopener noreferrer\"><span style=\"color: #333399;\"><strong>Ricardo Ferretti<\/strong><\/span><\/a>, quien lo dirigi\u00f3 durante seis a\u00f1os en la instituci\u00f3n.<\/p>\n<p style=\"text-align: center;\"><a href=\"https:\/\/www.futboltotal.com.mx\/2017\/07\/neymar-quiere-que-barca-fiche-a-paulinho\/\" target=\"_blank\" rel=\"noopener noreferrer\"><span style=\"color: #333399;\">VER M\u00c1S:\u00a0<\/span><span style=\"color: #333399;\">Neymar quiere a Paulinho en el Bar\u00e7a<\/span><\/a><\/p>\n<p>A su salida del \u2018Volc\u00e1n\u2019, <strong>Lobos<\/strong> habl\u00f3 sobre la partida de <strong>Pizarro<\/strong> y de la situaci\u00f3n actual de los <strong>Tigres<\/strong>: \u201cGuido tiene mucha calidad, es un tipo que se entrega muy profesional y las cualidades las tiene, no dudo de eso; me parece b\u00e1rbaro, mal para Tigres, pero sabemos la calidad de Guido, es un jugador muy entregado, y ojal\u00e1 que le vaya bien\u201d.<br \/>\n\u201cBien, a Tigres lo veo muy bien, muy fuerte. Tiene un equipo muy competitivo, me alegro que la gente pueda estar disfrutando esta \u00e9poca\u201d.<\/p>\n<p style=\"text-align: center;\"><a href=\"https:\/\/www.futboltotal.com.mx\/2017\/07\/america-entrena-a-lo-rocky-balboa\/\" target=\"_blank\" rel=\"noopener noreferrer\"><span style=\"color: #333399;\">VER M\u00c1S:\u00a0<\/span><span style=\"color: #333399;\">Am\u00e9rica se entrena al estilo de Rocky Balboa<\/span><\/a><\/p>\n<p>El argentino estar\u00e1 en la ciudad de <strong>Monterrey<\/strong> hasta el lunes, posteriormente viajar\u00e1 a <strong>Argentina<\/strong> para definir su futuro con<strong> Gimnasia y Esgrima de la Plata<\/strong>, equipo en el que milita actualmente.<\/p>\n<p>&nbsp;<\/p>\n<blockquote class=\"twitter-tweet\" data-lang=\"es\">\n<p dir=\"ltr\" lang=\"es\">Lucas Lobos visita el entrenamiento y saluda al t\u00e9cnico Ricardo Ferretti y a sus ex compa\u00f1eros. <a href=\"https:\/\/t.co\/Bd0Wozs0KF\">pic.twitter.com\/Bd0Wozs0KF<\/a><\/p>\n<p>\u2014 CLUB TIGRES OFICIAL (@TigresOficial) <a href=\"https:\/\/twitter.com\/TigresOficial\/status\/883716399809667073\">8 de julio de 2017<\/a><\/p><\/blockquote>\n<p><script async src=\"\/\/platform.twitter.com\/widgets.js\" charset=\"utf-8\"><\/script><\/p>\n","protected":false},"excerpt":{"rendered":"<p>Lucas Lobos visit\u00f3 la pr\u00e1ctica de Tigres<\/p>\n","protected":false},"author":20,"featured_media":487370,"comment_status":"closed","ping_status":"closed","sticky":false,"template":"","format":"standard","meta":[],"categories":[1],"tags":[3991,315,49,5973],"_links":{"self":[{"href":"http:\/\/desarrollo.grupomedios.com\/futbol\/wp-json\/wp\/v2\/posts\/487368"}],"collection":[{"href":"http:\/\/desarrollo.grupomedios.com\/futbol\/wp-json\/wp\/v2\/posts"}],"about":[{"href":"http:\/\/desarrollo.grupomedios.com\/futbol\/wp-json\/wp\/v2\/types\/post"}],"author":[{"embeddable":true,"href":"http:\/\/desarrollo.grupomedios.com\/futbol\/wp-json\/wp\/v2\/users\/20"}],"replies":[{"embeddable":true,"href":"http:\/\/desarrollo.grupomedios.com\/futbol\/wp-json\/wp\/v2\/comments?post=487368"}],"version-history":[{"count":1,"href":"http:\/\/desarrollo.grupomedios.com\/futbol\/wp-json\/wp\/v2\/posts\/487368\/revisions"}],"predecessor-version":[{"id":487371,"href":"http:\/\/desarrollo.grupomedios.com\/futbol\/wp-json\/wp\/v2\/posts\/487368\/revisions\/487371"}],"wp:featuredmedia":[{"embeddable":true,"href":"http:\/\/desarrollo.grupomedios.com\/futbol\/wp-json\/wp\/v2\/media\/487370"}],"wp:attachment":[{"href":"http:\/\/desarrollo.grupomedios.com\/futbol\/wp-json\/wp\/v2\/media?parent=487368"}],"wp:term":[{"taxonomy":"category","embeddable":true,"href":"http:\/\/desarrollo.grupomedios.com\/futbol\/wp-json\/wp\/v2\/categories?post=487368"},{"taxonomy":"post_tag","embeddable":true,"href":"http:\/\/desarrollo.grupomedios.com\/futbol\/wp-json\/wp\/v2\/tags?post=487368"}],"curies":[{"name":"wp","href":"https:\/\/api.w.org\/{rel}","templated":true}]}}