{"id":487369,"date":"2017-07-08T16:02:15","date_gmt":"2017-07-08T21:02:15","guid":{"rendered":"https:\/\/www.futboltotal.com.mx\/?p=487369"},"modified":"2017-07-08T16:02:15","modified_gmt":"2017-07-08T21:02:15","slug":"ronaldinho-felicita-a-gallos-blancos-aniversario","status":"publish","type":"post","link":"http:\/\/desarrollo.grupomedios.com\/futbol\/futbol-mexicano\/ronaldinho-felicita-a-gallos-blancos-aniversario\/2017\/07","title":{"rendered":"Ronaldinho felicita a Gallos Blancos por su aniversario"},"content":{"rendered":"<p>El futbolista brasile\u00f1o, <strong>Ronaldinho<\/strong>, no olvid\u00f3 su paso por los <strong>Gallos Blancos<\/strong> de <strong>Quer\u00e9taro<\/strong> y los felicit\u00f3 por su aniversario de 67 a\u00f1os.<\/p>\n<p style=\"text-align: center;\"><span style=\"color: #333399;\"><a style=\"color: #333399;\" href=\"https:\/\/www.futboltotal.com.mx\/2017\/07\/jackson-martinez-regresaria-a-la-liga-mx\/\" target=\"_blank\" rel=\"noopener noreferrer\">VER M\u00c1S: Jackson Mart\u00ednez apunta a regresar a la Liga MX<\/a><\/span><\/p>\n<p>A trav\u00e9s de sus redes sociales, <strong>&#8216;Dinho&#8217;<\/strong> le envi\u00f3 un mensaje al club con el que milit\u00f3 en los torneos de <strong>Apertura 2014<\/strong> y <strong>Clausura 2015<\/strong>.<\/p>\n<blockquote class=\"twitter-tweet\" data-lang=\"es\">\n<p dir=\"ltr\" lang=\"es\">Felicitaciones <a href=\"https:\/\/twitter.com\/Club_Queretaro\">@Club_Queretaro<\/a> por sus 67 a\u00f1os. El club y la hinchada me recibieron muy bien y est\u00e1n en mi coraz\u00f3n. \u00a1Esta hinchada merece! <a href=\"https:\/\/t.co\/5F4nwrP1VP\">pic.twitter.com\/5F4nwrP1VP<\/a><\/p>\n<p>\u2014 Ronaldinho Ga\u00facho (@10Ronaldinho) <a href=\"https:\/\/twitter.com\/10Ronaldinho\/status\/883777719393189890\">8 de julio de 2017<\/a><\/p><\/blockquote>\n<p><script async src=\"\/\/platform.twitter.com\/widgets.js\" charset=\"utf-8\"><\/script><\/p>\n<blockquote><p>&#8220;Felicitaciones <strong>@Club_Queretaro<\/strong> por sus 67 a\u00f1os. El club y la hinchada me recibieron muy bien y est\u00e1n en mi coraz\u00f3n. \u00a1Esta hinchada merece!&#8221;, escribi\u00f3 el brasile\u00f1o con una foto de \u00e9l enfundando en la playera de <strong>Gallos<\/strong>.<\/p><\/blockquote>\n<p><strong>Ronaldinho<\/strong>\u00a0anot\u00f3 8 goles vistiendo la camiseta de <strong>Gallos Blancos<\/strong> y lleg\u00f3 a una final que perdieron ante <strong>Santos<\/strong>.<\/p>\n<p><iframe loading=\"lazy\" src=\"https:\/\/www.youtube.com\/embed\/JKnreEoznpI?feature=oembed\" frameborder=\"0\" allowfullscreen><\/iframe><\/p>\n<p style=\"text-align: center;\"><span style=\"color: #333399;\"><a style=\"color: #333399;\" href=\"https:\/\/www.futboltotal.com.mx\/2017\/07\/barca-esperara-a-verratti-hasta-agosto\/\" target=\"_blank\" rel=\"noopener noreferrer\">VER M\u00c1S: Tottenham quiere robarse este futbolista del Real Madrid<\/a><\/span><\/p>\n","protected":false},"excerpt":{"rendered":"<p>El astro brasile\u00f1o record\u00f3 su paso por el club de Quer\u00e9taro y les mand\u00f3 un mensaje a trav\u00e9s de sus redes sociales<\/p>\n","protected":false},"author":20,"featured_media":440438,"comment_status":"closed","ping_status":"closed","sticky":false,"template":"","format":"standard","meta":[],"categories":[2198,3845],"tags":[590,5970,5997],"_links":{"self":[{"href":"http:\/\/desarrollo.grupomedios.com\/futbol\/wp-json\/wp\/v2\/posts\/487369"}],"collection":[{"href":"http:\/\/desarrollo.grupomedios.com\/futbol\/wp-json\/wp\/v2\/posts"}],"about":[{"href":"http:\/\/desarrollo.grupomedios.com\/futbol\/wp-json\/wp\/v2\/types\/post"}],"author":[{"embeddable":true,"href":"http:\/\/desarrollo.grupomedios.com\/futbol\/wp-json\/wp\/v2\/users\/20"}],"replies":[{"embeddable":true,"href":"http:\/\/desarrollo.grupomedios.com\/futbol\/wp-json\/wp\/v2\/comments?post=487369"}],"version-history":[{"count":1,"href":"http:\/\/desarrollo.grupomedios.com\/futbol\/wp-json\/wp\/v2\/posts\/487369\/revisions"}],"predecessor-version":[{"id":487372,"href":"http:\/\/desarrollo.grupomedios.com\/futbol\/wp-json\/wp\/v2\/posts\/487369\/revisions\/487372"}],"wp:featuredmedia":[{"embeddable":true,"href":"http:\/\/desarrollo.grupomedios.com\/futbol\/wp-json\/wp\/v2\/media\/440438"}],"wp:attachment":[{"href":"http:\/\/desarrollo.grupomedios.com\/futbol\/wp-json\/wp\/v2\/media?parent=487369"}],"wp:term":[{"taxonomy":"category","embeddable":true,"href":"http:\/\/desarrollo.grupomedios.com\/futbol\/wp-json\/wp\/v2\/categories?post=487369"},{"taxonomy":"post_tag","embeddable":true,"href":"http:\/\/desarrollo.grupomedios.com\/futbol\/wp-json\/wp\/v2\/tags?post=487369"}],"curies":[{"name":"wp","href":"https:\/\/api.w.org\/{rel}","templated":true}]}}