{"id":487388,"date":"2017-07-08T18:06:23","date_gmt":"2017-07-08T23:06:23","guid":{"rendered":"https:\/\/www.futboltotal.com.mx\/?p=487388"},"modified":"2017-07-08T18:06:23","modified_gmt":"2017-07-08T23:06:23","slug":"estados-unidos-panama-dividen-puntos","status":"publish","type":"post","link":"http:\/\/desarrollo.grupomedios.com\/futbol\/futbol-internacional\/estados-unidos-panama-dividen-puntos\/2017\/07","title":{"rendered":"Estados Unidos y Panam\u00e1 dividen puntos"},"content":{"rendered":"<p>El cuadro de <strong>Estados Unidos<\/strong> y <strong>Panam\u00e1<\/strong> debutaron en la <strong>Copa Oro<\/strong> con un empate a un gol, correspondiente al Grupo B.<\/p>\n<p style=\"text-align: center;\"><span style=\"color: #333399;\"><a style=\"color: #333399;\" href=\"https:\/\/www.futboltotal.com.mx\/2017\/07\/jackson-martinez-regresaria-a-la-liga-mx\/\" target=\"_blank\" rel=\"noopener noreferrer\">VER M\u00c1S: Jackson Mart\u00ednez, cerca de regresar a la Liga MX<\/a><\/span><\/p>\n<p>Las barras y las estrellas se adelantaron en el marcador al minuto 50 con un gol del n\u00famero 14\u00a0<strong>Dom Dwyer<\/strong>, quien defini\u00f3 de zurda.<\/p>\n<blockquote class=\"twitter-video\" data-lang=\"es\">\n<p dir=\"ltr\" lang=\"es\">Cae el primer gol de partido y lo aprovecha Dwyer para los Estados Unidos. <a href=\"https:\/\/twitter.com\/hashtag\/CopaOroRPC?src=hash\">#CopaOroRPC<\/a> <a href=\"https:\/\/t.co\/4RFe6yrEze\">pic.twitter.com\/4RFe6yrEze<\/a><\/p>\n<p>\u2014 Deportes RPC (@deportesrpc) <a href=\"https:\/\/twitter.com\/deportesrpc\/status\/883809445599424514\">8 de julio de 2017<\/a><\/p><\/blockquote>\n<p><script async src=\"\/\/platform.twitter.com\/widgets.js\" charset=\"utf-8\"><\/script><\/p>\n<p>Sin embargo, poco les duro el gusto, pues <strong>Miguel Camargo<\/strong>, recogi\u00f3 la pelota despu\u00e9s de una gran atajada de Guzan y meti\u00f3 el gol con el que Panam\u00e1 logr\u00f3 el empate.<\/p>\n<blockquote class=\"twitter-video\" data-lang=\"es\">\n<p dir=\"ltr\" lang=\"es\">Revive el gol de Miguel Camargo a Estados Unidos <a href=\"https:\/\/twitter.com\/hashtag\/USA?src=hash\">#USA<\/a> 1-1 <a href=\"https:\/\/twitter.com\/hashtag\/PAN?src=hash\">#PAN<\/a> <a href=\"https:\/\/twitter.com\/hashtag\/SomosLaSele?src=hash\">#SomosLaSele<\/a> <a href=\"https:\/\/t.co\/15AeFyfwIv\">pic.twitter.com\/15AeFyfwIv<\/a><\/p>\n<p>\u2014 SomosLaSele (@SomosLaSele) <a href=\"https:\/\/twitter.com\/SomosLaSele\/status\/883812346409385985\">8 de julio de 2017<\/a><\/p><\/blockquote>\n<p><script async src=\"\/\/platform.twitter.com\/widgets.js\" charset=\"utf-8\"><\/script><\/p>\n<p>Los equipos volver\u00e1n a la actividad el pr\u00f3ximo 12 de julio, cuando <strong>Panam\u00e1<\/strong> enfrente a <strong>Nicaragua<\/strong> y <strong>Estados Unidos<\/strong> se mida ante <strong>Martinica<\/strong>.<\/p>\n<p style=\"text-align: center;\"><span style=\"color: #333399;\"><a style=\"color: #333399;\" href=\"https:\/\/www.futboltotal.com.mx\/2017\/07\/ronaldinho-felicita-a-gallos-blancos-aniversario\/\" target=\"_blank\" rel=\"noopener noreferrer\">VER M\u00c1S: Ronaldinho no olvida a Gallos Blancos<\/a><\/span><\/p>\n","protected":false},"excerpt":{"rendered":"<p>Ambos equipos realizaron su primer encuentro correspondiente del torneo y se presentaron con un empate a un gol<\/p>\n","protected":false},"author":20,"featured_media":487389,"comment_status":"closed","ping_status":"closed","sticky":false,"template":"","format":"standard","meta":[],"categories":[3938,3839],"tags":[7666,310,625],"_links":{"self":[{"href":"http:\/\/desarrollo.grupomedios.com\/futbol\/wp-json\/wp\/v2\/posts\/487388"}],"collection":[{"href":"http:\/\/desarrollo.grupomedios.com\/futbol\/wp-json\/wp\/v2\/posts"}],"about":[{"href":"http:\/\/desarrollo.grupomedios.com\/futbol\/wp-json\/wp\/v2\/types\/post"}],"author":[{"embeddable":true,"href":"http:\/\/desarrollo.grupomedios.com\/futbol\/wp-json\/wp\/v2\/users\/20"}],"replies":[{"embeddable":true,"href":"http:\/\/desarrollo.grupomedios.com\/futbol\/wp-json\/wp\/v2\/comments?post=487388"}],"version-history":[{"count":1,"href":"http:\/\/desarrollo.grupomedios.com\/futbol\/wp-json\/wp\/v2\/posts\/487388\/revisions"}],"predecessor-version":[{"id":487391,"href":"http:\/\/desarrollo.grupomedios.com\/futbol\/wp-json\/wp\/v2\/posts\/487388\/revisions\/487391"}],"wp:featuredmedia":[{"embeddable":true,"href":"http:\/\/desarrollo.grupomedios.com\/futbol\/wp-json\/wp\/v2\/media\/487389"}],"wp:attachment":[{"href":"http:\/\/desarrollo.grupomedios.com\/futbol\/wp-json\/wp\/v2\/media?parent=487388"}],"wp:term":[{"taxonomy":"category","embeddable":true,"href":"http:\/\/desarrollo.grupomedios.com\/futbol\/wp-json\/wp\/v2\/categories?post=487388"},{"taxonomy":"post_tag","embeddable":true,"href":"http:\/\/desarrollo.grupomedios.com\/futbol\/wp-json\/wp\/v2\/tags?post=487388"}],"curies":[{"name":"wp","href":"https:\/\/api.w.org\/{rel}","templated":true}]}}