{"id":487393,"date":"2017-07-08T18:35:44","date_gmt":"2017-07-08T23:35:44","guid":{"rendered":"https:\/\/www.futboltotal.com.mx\/?p=487393"},"modified":"2017-07-08T18:35:44","modified_gmt":"2017-07-08T23:35:44","slug":"pizarro-viaja-a-espana-para-examenes-medicos-sevilla","status":"publish","type":"post","link":"http:\/\/desarrollo.grupomedios.com\/futbol\/futbol-mexicano\/pizarro-viaja-a-espana-para-examenes-medicos-sevilla\/2017\/07","title":{"rendered":"Pizarro viaj\u00f3 a Espa\u00f1a para presentar ex\u00e1menes m\u00e9dicos"},"content":{"rendered":"<p>Luego de haberse despedido de <a href=\"https:\/\/www.futboltotal.com.mx\/2017\/07\/lucas-lobos-regreso-al-volcan-con-tigres\/\" target=\"_blank\" rel=\"noopener noreferrer\"><span style=\"color: #333399;\"><strong>Tigres<\/strong><\/span><\/a>, de sus compa\u00f1eros y de los aficionados, <a href=\"https:\/\/www.futboltotal.com.mx\/2017\/07\/guido-pizarro-se-despide-sus-companeros-en-tigres\/\" target=\"_blank\" rel=\"noopener noreferrer\"><span style=\"color: #333399;\"><strong>Guido Pizarro<\/strong><\/span><\/a> ya se encuentra viajando a <strong>Espa\u00f1a<\/strong> para presentar los ex\u00e1menes m\u00e9dicos con el <a href=\"https:\/\/www.futboltotal.com.mx\/2017\/07\/guido-pizarro-abandona-pretemporada-tigres-se-acerca-al-sevilla\/\" target=\"_blank\" rel=\"noopener noreferrer\"><span style=\"color: #333399;\"><strong>Sevilla<\/strong><\/span><\/a>, as\u00ed lo dio a conocer el propio club a trav\u00e9s de un comunicado.<\/p>\n<p style=\"text-align: center;\"><a href=\"https:\/\/www.futboltotal.com.mx\/2017\/07\/briseno-jugo-en-duelo-amistoso-del-feirense\/\" target=\"_blank\" rel=\"noopener noreferrer\"><span style=\"color: #333399;\">VER M\u00c1S:\u00a0<\/span><span style=\"color: #333399;\">Brise\u00f1o tuvo sus primeros minutos como jugador del Feirense<\/span><\/a><\/p>\n<blockquote class=\"twitter-tweet\" data-lang=\"es\">\n<p dir=\"ltr\" lang=\"es\">Guido Pizarro viaja a Sevilla para pasar las pruebas m\u00e9dicas<\/p>\n<p>\u27a1 <a href=\"https:\/\/t.co\/p0OjXU4OHQ\">https:\/\/t.co\/p0OjXU4OHQ<\/a> <a href=\"https:\/\/t.co\/vRndu4gK6K\">pic.twitter.com\/vRndu4gK6K<\/a><\/p>\n<p>\u2014 Sevilla F\u00fatbol Club (@SevillaFC) <a href=\"https:\/\/twitter.com\/SevillaFC\/status\/883711290270777344\">8 de julio de 2017<\/a><\/p><\/blockquote>\n<p><script async src=\"\/\/platform.twitter.com\/widgets.js\" charset=\"utf-8\"><\/script><\/p>\n<p>El futbolista argentino de 27 a\u00f1os de edad, recibi\u00f3 un permiso especial de la directiva universitaria para ultimar detalles de su traspaso a los <em>Blanquirrojos.<\/em><\/p>\n<p>Los<em> Nervionenses<\/em> esperan que a <strong>Pizarro<\/strong> se le una <strong>Luis Muriel<\/strong>, jugador colombiano de reciente adquisici\u00f3n, para que puedan estampar su r\u00fabrica y unirse al resto de sus compa\u00f1eros en la gira que emprender\u00e1n por <strong>Jap\u00f3n.<\/strong><\/p>\n<p><em>El Conde<\/em> ya envi\u00f3 su primer mensaje a la afici\u00f3n sevillista, que ya aguarda su llegada al club.<\/p>\n<p style=\"text-align: center;\"><a href=\"https:\/\/www.futboltotal.com.mx\/2017\/07\/gary-medel-y-tigres-tendrian-acuerdo-verbal\/\" target=\"_blank\" rel=\"noopener noreferrer\"><span style=\"color: #333399;\">VER M\u00c1S:\u00a0<\/span><span style=\"color: #333399;\">Medel y Tigres ya tendr\u00edan acuerdo verbal<\/span><\/a><\/p>\n<blockquote class=\"twitter-tweet\" data-lang=\"es\">\n<p dir=\"ltr\" lang=\"es\">&#x1f50a; Primer mensaje de <a href=\"https:\/\/twitter.com\/guido19pizarro\">@guido19pizarro<\/a> al sevillismo. \u00a1\u00a1Te esperamos Conde!! <a href=\"https:\/\/twitter.com\/hashtag\/CondeDeNervion?src=hash\">#CondeDeNervion<\/a><\/p>\n<p>\u27a1\ufe0f <a href=\"https:\/\/t.co\/epZWPH60lJ\">https:\/\/t.co\/epZWPH60lJ<\/a><\/p>\n<p>\u2014 Sevilla F\u00fatbol Club (@SevillaFC) <a href=\"https:\/\/twitter.com\/SevillaFC\/status\/883772559631765507\">8 de julio de 2017<\/a><\/p><\/blockquote>\n<p><script async src=\"\/\/platform.twitter.com\/widgets.js\" charset=\"utf-8\"><\/script><\/p>\n","protected":false},"excerpt":{"rendered":"<p>Pizarro ya vuela a Espa\u00f1a para cumplir su sue\u00f1o<\/p>\n","protected":false},"author":20,"featured_media":483293,"comment_status":"closed","ping_status":"closed","sticky":false,"template":"","format":"standard","meta":[],"categories":[7740,3839,2198,3844,3845],"tags":[253,9300,3991,49,5973],"_links":{"self":[{"href":"http:\/\/desarrollo.grupomedios.com\/futbol\/wp-json\/wp\/v2\/posts\/487393"}],"collection":[{"href":"http:\/\/desarrollo.grupomedios.com\/futbol\/wp-json\/wp\/v2\/posts"}],"about":[{"href":"http:\/\/desarrollo.grupomedios.com\/futbol\/wp-json\/wp\/v2\/types\/post"}],"author":[{"embeddable":true,"href":"http:\/\/desarrollo.grupomedios.com\/futbol\/wp-json\/wp\/v2\/users\/20"}],"replies":[{"embeddable":true,"href":"http:\/\/desarrollo.grupomedios.com\/futbol\/wp-json\/wp\/v2\/comments?post=487393"}],"version-history":[{"count":1,"href":"http:\/\/desarrollo.grupomedios.com\/futbol\/wp-json\/wp\/v2\/posts\/487393\/revisions"}],"predecessor-version":[{"id":487394,"href":"http:\/\/desarrollo.grupomedios.com\/futbol\/wp-json\/wp\/v2\/posts\/487393\/revisions\/487394"}],"wp:featuredmedia":[{"embeddable":true,"href":"http:\/\/desarrollo.grupomedios.com\/futbol\/wp-json\/wp\/v2\/media\/483293"}],"wp:attachment":[{"href":"http:\/\/desarrollo.grupomedios.com\/futbol\/wp-json\/wp\/v2\/media?parent=487393"}],"wp:term":[{"taxonomy":"category","embeddable":true,"href":"http:\/\/desarrollo.grupomedios.com\/futbol\/wp-json\/wp\/v2\/categories?post=487393"},{"taxonomy":"post_tag","embeddable":true,"href":"http:\/\/desarrollo.grupomedios.com\/futbol\/wp-json\/wp\/v2\/tags?post=487393"}],"curies":[{"name":"wp","href":"https:\/\/api.w.org\/{rel}","templated":true}]}}