{"id":487409,"date":"2017-07-08T21:44:38","date_gmt":"2017-07-09T02:44:38","guid":{"rendered":"https:\/\/www.futboltotal.com.mx\/?p=487409"},"modified":"2017-07-08T21:46:44","modified_gmt":"2017-07-09T02:46:44","slug":"america-golea-al-puebla-en-duelo-amistoso","status":"publish","type":"post","link":"http:\/\/desarrollo.grupomedios.com\/futbol\/destacado-home\/america-golea-al-puebla-en-duelo-amistoso\/2017\/07","title":{"rendered":"Am\u00e9rica golea al Puebla en duelo amistoso"},"content":{"rendered":"<p><a href=\"https:\/\/www.futboltotal.com.mx\/2017\/07\/america-entrena-a-lo-rocky-balboa\/\" target=\"_blank\" rel=\"noopener noreferrer\"><span style=\"color: #333399;\"><strong>Am\u00e9rica<\/strong><\/span><\/a> sigue encendido en su pretemporada, y ahora la v\u00edctima fue el <a href=\"https:\/\/www.futboltotal.com.mx\/2017\/07\/puebla-vende-sus-derechos-transmision\/\" target=\"_blank\" rel=\"noopener noreferrer\"><span style=\"color: #333399;\"><strong>Puebla<\/strong><\/span><\/a>, equipo al que gole\u00f3 4-0 en duelo amistoso celebrado en el <strong>Talen Energy Stadium<\/strong> de<strong> Filadelfia.<\/strong><\/p>\n<p style=\"text-align: center;\"><a href=\"https:\/\/www.futboltotal.com.mx\/2017\/07\/martinica-vence-a-nicaragua-y-es-lider-grupo-b\/\" target=\"_blank\" rel=\"noopener noreferrer\"><span style=\"color: #333399;\">VER M\u00c1S:\u00a0Martinica vence a Nicaragua y lidera el Grupo B<\/span><\/a><\/p>\n<p><strong>William Da Silva<\/strong> fue el encargado de abrir el marcador al minuto 23\u2019, al verse abajo en la pizarra los <em>Camoteros<\/em> trataron de reaccionar, sin embargo, no lograron vencer a <strong><a href=\"https:\/\/www.futboltotal.com.mx\/2017\/07\/marchesin-emula-rene-higuita-con-america\/\" target=\"_blank\" rel=\"noopener noreferrer\"><span style=\"color: #333399;\">Agust\u00edn Marches\u00edn<\/span><\/a>.<\/strong><\/p>\n<p style=\"text-align: center;\"><a href=\"https:\/\/www.futboltotal.com.mx\/2017\/07\/causa-efecto-jair-pereira\/\" target=\"_blank\" rel=\"noopener noreferrer\"><span style=\"color: #333399;\">VER M\u00c1S:\u00a0<\/span><span style=\"color: #333399;\">Causa y efecto de\u2026 Jair Pereira<\/span><\/a><\/p>\n<p>Ya en la segunda mitad, <strong>Silvio Romero<\/strong> aument\u00f3 la ventaja para los de <strong>Coapa<\/strong> con un disparo cruzado que dej\u00f3 sin oportunidad al guardameta poblano. Al minuto 69\u2019, el <em>G\u00fcero<\/em> <strong>D\u00edaz<\/strong> marc\u00f3 el tercer tanto del encuentro, por \u00faltimo, <strong>Ricardo Mar\u00edn<\/strong> puso cifras definitivas al marcar el 4-0.<\/p>\n<p>&nbsp;<\/p>\n<blockquote class=\"twitter-video\" data-lang=\"es\">\n<p dir=\"ltr\" lang=\"es\"><a href=\"https:\/\/twitter.com\/hashtag\/Tour%C3%81guila?src=hash\">#Tour\u00c1guila<\/a><\/p>\n<p>RESUMEN<\/p>\n<p>Am\u00e9rica 4-0 Puebla<\/p>\n<p>\u26bd\ufe0f 23&#8242; <a href=\"https:\/\/twitter.com\/WilliamDSilva11\">@WilliamDSilva11<\/a><br \/>\n\u26bd\ufe0f 55&#8242; <a href=\"https:\/\/twitter.com\/ChinoRomeroOk\">@ChinoRomeroOk<\/a><br \/>\n\u26bd\ufe0f 68&#8242; <a href=\"https:\/\/twitter.com\/werodiaz96\">@werodiaz96<\/a><br \/>\n\u26bd\ufe0f 85&#8242; <a href=\"https:\/\/twitter.com\/Richymarin19\">@Richymarin19<\/a> <a href=\"https:\/\/t.co\/v62kt2K6wy\">pic.twitter.com\/v62kt2K6wy<\/a><\/p>\n<p>\u2014 Club Am\u00e9rica (@ClubAmerica) <a href=\"https:\/\/twitter.com\/ClubAmerica\/status\/883872657585954817\">9 de julio de 2017<\/a><\/p><\/blockquote>\n<p><script async src=\"\/\/platform.twitter.com\/widgets.js\" charset=\"utf-8\"><\/script><\/p>\n","protected":false},"excerpt":{"rendered":"<p>Am\u00e9rica gole\u00f3 4-0 al Puebla.<\/p>\n","protected":false},"author":20,"featured_media":482730,"comment_status":"closed","ping_status":"closed","sticky":false,"template":"","format":"standard","meta":[],"categories":[5,2198,3845],"tags":[6118,4542,5959,5969,9303,6803,7797],"_links":{"self":[{"href":"http:\/\/desarrollo.grupomedios.com\/futbol\/wp-json\/wp\/v2\/posts\/487409"}],"collection":[{"href":"http:\/\/desarrollo.grupomedios.com\/futbol\/wp-json\/wp\/v2\/posts"}],"about":[{"href":"http:\/\/desarrollo.grupomedios.com\/futbol\/wp-json\/wp\/v2\/types\/post"}],"author":[{"embeddable":true,"href":"http:\/\/desarrollo.grupomedios.com\/futbol\/wp-json\/wp\/v2\/users\/20"}],"replies":[{"embeddable":true,"href":"http:\/\/desarrollo.grupomedios.com\/futbol\/wp-json\/wp\/v2\/comments?post=487409"}],"version-history":[{"count":2,"href":"http:\/\/desarrollo.grupomedios.com\/futbol\/wp-json\/wp\/v2\/posts\/487409\/revisions"}],"predecessor-version":[{"id":487411,"href":"http:\/\/desarrollo.grupomedios.com\/futbol\/wp-json\/wp\/v2\/posts\/487409\/revisions\/487411"}],"wp:featuredmedia":[{"embeddable":true,"href":"http:\/\/desarrollo.grupomedios.com\/futbol\/wp-json\/wp\/v2\/media\/482730"}],"wp:attachment":[{"href":"http:\/\/desarrollo.grupomedios.com\/futbol\/wp-json\/wp\/v2\/media?parent=487409"}],"wp:term":[{"taxonomy":"category","embeddable":true,"href":"http:\/\/desarrollo.grupomedios.com\/futbol\/wp-json\/wp\/v2\/categories?post=487409"},{"taxonomy":"post_tag","embeddable":true,"href":"http:\/\/desarrollo.grupomedios.com\/futbol\/wp-json\/wp\/v2\/tags?post=487409"}],"curies":[{"name":"wp","href":"https:\/\/api.w.org\/{rel}","templated":true}]}}