{"id":487412,"date":"2017-07-08T22:04:44","date_gmt":"2017-07-09T03:04:44","guid":{"rendered":"https:\/\/www.futboltotal.com.mx\/?p=487412"},"modified":"2017-07-08T22:04:44","modified_gmt":"2017-07-09T03:04:44","slug":"pereira-causo-baja-para-duelo-ante-el-salvador","status":"publish","type":"post","link":"http:\/\/desarrollo.grupomedios.com\/futbol\/destacado-home\/pereira-causo-baja-para-duelo-ante-el-salvador\/2017\/07","title":{"rendered":"Jair Pereira causa baja para el duelo ante El Salvador"},"content":{"rendered":"<p>La <a href=\"https:\/\/www.futboltotal.com.mx\/2017\/07\/en-vivo-online-mexico-vs-el-salvador-copa-oro-2017\/\" target=\"_blank\" rel=\"noopener noreferrer\"><span style=\"color: #333399;\"><strong>Selecci\u00f3n Mexicana<\/strong><\/span><\/a> que disputar\u00e1<a href=\"https:\/\/www.futboltotal.com.mx\/2017\/07\/estados-unidos-panama-dividen-puntos\/\" target=\"_blank\" rel=\"noopener noreferrer\"><span style=\"color: #333399;\"> <strong>Copa Oro<\/strong> <\/span><\/a>tendr\u00e1 otra baja para el encuentro ante<strong> El Salvador<\/strong> por el <strong>Grupo C.<\/strong><\/p>\n<p style=\"text-align: center;\"><a href=\"https:\/\/www.futboltotal.com.mx\/2017\/07\/america-golea-al-puebla-en-duelo-amistoso\/\" target=\"_blank\" rel=\"noopener noreferrer\"><span style=\"color: #333399;\">VER M\u00c1S:\u00a0<\/span><span style=\"color: #333399;\">Am\u00e9rica golea al Puebla en duelo amistoso<\/span><\/a><\/p>\n<p>El t\u00e9cnico del <em>Tricolor<\/em>,<a href=\"https:\/\/www.futboltotal.com.mx\/2017\/07\/fmf-apelara-sancion-fifa-juan-carlos-osorio\/\" target=\"_blank\" rel=\"noopener noreferrer\"><span style=\"color: #333399;\"> <strong>Juan Carlo<\/strong><strong>s Osorio<\/strong><\/span><\/a>, dio a conocer que el defensor central de<a href=\"https:\/\/www.futboltotal.com.mx\/2017\/07\/liga-mx-actualiza-escudo-chivas\/\" target=\"_blank\" rel=\"noopener noreferrer\"><span style=\"color: #333399;\"> <strong>Chivas<\/strong> <\/span><\/a>no entren\u00f3 a consecuencia de un problema muscular.<\/p>\n<p>\u201cDesafortunadamente Jair Pereira no va a estar para ma\u00f1ana, tuvo un problema muscular. Esperamos que est\u00e9 para la pr\u00f3xima semana\u201d.<\/p>\n<p style=\"text-align: center;\"><a href=\"https:\/\/www.futboltotal.com.mx\/2017\/07\/martinica-vence-a-nicaragua-y-es-lider-grupo-b\/\" target=\"_blank\" rel=\"noopener noreferrer\"><span style=\"color: #333399;\">VER M\u00c1S:\u00a0<\/span><span style=\"color: #333399;\">Martinica vence a Nicaragua y lidera el Grupo B<\/span><\/a><\/p>\n<p>El jugador podr\u00eda estar listo para el pr\u00f3ximo cotejo ante <strong>Jamaica<\/strong> en el <strong>Sports Authority Field de Denver.<\/strong><\/p>\n","protected":false},"excerpt":{"rendered":"<p>Jair Pereira se perder\u00e1 el duelo ante El Salvador<\/p>\n","protected":false},"author":20,"featured_media":487413,"comment_status":"closed","ping_status":"closed","sticky":false,"template":"","format":"standard","meta":[],"categories":[3938,5,3839,2198,3847],"tags":[70,955,6196,65],"_links":{"self":[{"href":"http:\/\/desarrollo.grupomedios.com\/futbol\/wp-json\/wp\/v2\/posts\/487412"}],"collection":[{"href":"http:\/\/desarrollo.grupomedios.com\/futbol\/wp-json\/wp\/v2\/posts"}],"about":[{"href":"http:\/\/desarrollo.grupomedios.com\/futbol\/wp-json\/wp\/v2\/types\/post"}],"author":[{"embeddable":true,"href":"http:\/\/desarrollo.grupomedios.com\/futbol\/wp-json\/wp\/v2\/users\/20"}],"replies":[{"embeddable":true,"href":"http:\/\/desarrollo.grupomedios.com\/futbol\/wp-json\/wp\/v2\/comments?post=487412"}],"version-history":[{"count":1,"href":"http:\/\/desarrollo.grupomedios.com\/futbol\/wp-json\/wp\/v2\/posts\/487412\/revisions"}],"predecessor-version":[{"id":487414,"href":"http:\/\/desarrollo.grupomedios.com\/futbol\/wp-json\/wp\/v2\/posts\/487412\/revisions\/487414"}],"wp:featuredmedia":[{"embeddable":true,"href":"http:\/\/desarrollo.grupomedios.com\/futbol\/wp-json\/wp\/v2\/media\/487413"}],"wp:attachment":[{"href":"http:\/\/desarrollo.grupomedios.com\/futbol\/wp-json\/wp\/v2\/media?parent=487412"}],"wp:term":[{"taxonomy":"category","embeddable":true,"href":"http:\/\/desarrollo.grupomedios.com\/futbol\/wp-json\/wp\/v2\/categories?post=487412"},{"taxonomy":"post_tag","embeddable":true,"href":"http:\/\/desarrollo.grupomedios.com\/futbol\/wp-json\/wp\/v2\/tags?post=487412"}],"curies":[{"name":"wp","href":"https:\/\/api.w.org\/{rel}","templated":true}]}}