{"id":487454,"date":"2017-07-09T11:51:35","date_gmt":"2017-07-09T16:51:35","guid":{"rendered":"https:\/\/www.futboltotal.com.mx\/?p=487454"},"modified":"2017-07-09T11:52:22","modified_gmt":"2017-07-09T16:52:22","slug":"jose-luis-higuera-tunde-al-america-paso-al-piojo-herrera","status":"publish","type":"post","link":"http:\/\/desarrollo.grupomedios.com\/futbol\/futbol-mexicano\/jose-luis-higuera-tunde-al-america-paso-al-piojo-herrera\/2017\/07","title":{"rendered":"Jos\u00e9 Luis Higuera tunde al Am\u00e9rica y de paso al Piojo"},"content":{"rendered":"<p>Aunque hab\u00eda dicho que le iba a &#8220;bajar&#8221; a su estancia en redes sociales, el CEO de Grupo Omnilife-<strong>Chivas<\/strong>, <strong>Jos\u00e9 Luis Higuera<\/strong>, se sigue divirtiendo en Twitter y aprovech\u00f3 para presumir sus vacaciones en Jap\u00f3n, donde record\u00f3 a sus amigos del <strong>Am\u00e9rica<\/strong>.<\/p>\n<p><strong>Higuera<\/strong> subi\u00f3 una fotograf\u00eda donde mostr\u00f3 c\u00f3mo decoran las bebidas con el rostro del cliente en el cafe y su rostro no fue la excepci\u00f3n.<\/p>\n<p style=\"text-align: center;\"><span style=\"color: #3366ff;\"><a style=\"color: #3366ff;\" href=\"https:\/\/www.futboltotal.com.mx\/2017\/07\/cruz-azul-triunfa-golazo-asistencia-edgar-mendez\/\">VER M\u00c1S: Cruz Azul triunf\u00f3 con golazo y asistencia de \u00c9dgar M\u00e9ndez<\/a><\/span><\/p>\n<blockquote class=\"twitter-tweet\" data-width=\"500\">\n<p lang=\"es\" dir=\"ltr\">Esto si que es un cafe personalizado!!!!! Y aparte esta muy bueno!! <a href=\"https:\/\/t.co\/SiS96fm4Ww\">pic.twitter.com\/SiS96fm4Ww<\/a><\/p>\n<p>&mdash; Jose Luis Higuera B. (@JLHB33) <a href=\"https:\/\/twitter.com\/JLHB33\/status\/883810074778451968\">July 8, 2017<\/a><\/p><\/blockquote>\n<p><script async src=\"\/\/platform.twitter.com\/widgets.js\" charset=\"utf-8\"><\/script><\/p>\n<p>El rostro del directivo Rojiblanco caus\u00f3 gracia en algunos usuarios de Twitter y comenzaron a trollearlo, por lo que fiel a su estilo, respondi\u00f3 con un mensaje para los americanistas.<\/p>\n<p>https:\/\/twitter.com\/JLHB33\/status\/883823205651161088<\/p>\n<p>Los seguidores de <strong>Chivas<\/strong> se mofaron de la burla de <strong>Higuera<\/strong> y ya encaminado, aprovech\u00f3 para mandar saludos al <strong>Piojo Herrera<\/strong>.<\/p>\n<p>https:\/\/twitter.com\/JLHB33\/status\/883824172836691968<\/p>\n<p>El directivo tambi\u00e9n presumi\u00f3 que sus amadas <strong>Chivas<\/strong> aparecieron en la bebida de la cafeter\u00eda japonesa.<\/p>\n<blockquote class=\"twitter-tweet\" data-width=\"500\">\n<p lang=\"es\" dir=\"ltr\">Buenos d\u00edas!!! No podia faltar elmejor cafe del mundo!!!!!! <a href=\"https:\/\/twitter.com\/Chivas\">@Chivas<\/a> <a href=\"https:\/\/t.co\/Ym7GfjmQa3\">pic.twitter.com\/Ym7GfjmQa3<\/a><\/p>\n<p>&mdash; Jose Luis Higuera B. (@JLHB33) <a href=\"https:\/\/twitter.com\/JLHB33\/status\/884017655333609472\">July 9, 2017<\/a><\/p><\/blockquote>\n<p><script async src=\"\/\/platform.twitter.com\/widgets.js\" charset=\"utf-8\"><\/script><\/p>\n","protected":false},"excerpt":{"rendered":"<p>El directivo trolle\u00f3 al Piojo Herrera y al Am\u00e9rica<\/p>\n","protected":false},"author":20,"featured_media":462069,"comment_status":"closed","ping_status":"closed","sticky":false,"template":"","format":"standard","meta":[],"categories":[2198,3845],"tags":[5959,70,7368,64],"_links":{"self":[{"href":"http:\/\/desarrollo.grupomedios.com\/futbol\/wp-json\/wp\/v2\/posts\/487454"}],"collection":[{"href":"http:\/\/desarrollo.grupomedios.com\/futbol\/wp-json\/wp\/v2\/posts"}],"about":[{"href":"http:\/\/desarrollo.grupomedios.com\/futbol\/wp-json\/wp\/v2\/types\/post"}],"author":[{"embeddable":true,"href":"http:\/\/desarrollo.grupomedios.com\/futbol\/wp-json\/wp\/v2\/users\/20"}],"replies":[{"embeddable":true,"href":"http:\/\/desarrollo.grupomedios.com\/futbol\/wp-json\/wp\/v2\/comments?post=487454"}],"version-history":[{"count":2,"href":"http:\/\/desarrollo.grupomedios.com\/futbol\/wp-json\/wp\/v2\/posts\/487454\/revisions"}],"predecessor-version":[{"id":487456,"href":"http:\/\/desarrollo.grupomedios.com\/futbol\/wp-json\/wp\/v2\/posts\/487454\/revisions\/487456"}],"wp:featuredmedia":[{"embeddable":true,"href":"http:\/\/desarrollo.grupomedios.com\/futbol\/wp-json\/wp\/v2\/media\/462069"}],"wp:attachment":[{"href":"http:\/\/desarrollo.grupomedios.com\/futbol\/wp-json\/wp\/v2\/media?parent=487454"}],"wp:term":[{"taxonomy":"category","embeddable":true,"href":"http:\/\/desarrollo.grupomedios.com\/futbol\/wp-json\/wp\/v2\/categories?post=487454"},{"taxonomy":"post_tag","embeddable":true,"href":"http:\/\/desarrollo.grupomedios.com\/futbol\/wp-json\/wp\/v2\/tags?post=487454"}],"curies":[{"name":"wp","href":"https:\/\/api.w.org\/{rel}","templated":true}]}}