{"id":487486,"date":"2017-07-09T14:34:11","date_gmt":"2017-07-09T19:34:11","guid":{"rendered":"https:\/\/www.futboltotal.com.mx\/?p=487486"},"modified":"2017-07-09T15:45:30","modified_gmt":"2017-07-09T20:45:30","slug":"cuauhtemoc-blanco-fallo-penal-en-duelo-del-leyendas","status":"publish","type":"post","link":"http:\/\/desarrollo.grupomedios.com\/futbol\/videos\/cuauhtemoc-blanco-fallo-penal-en-duelo-del-leyendas\/2017\/07","title":{"rendered":"\u00a1Cuauht\u00e9moc Blanco fall\u00f3 penal en duelo de Leyendas!"},"content":{"rendered":"<p>Durante el partido de Leyendas entre M\u00e9xico y Alemania, disputado en el Z\u00f3calo de la Ciudad de M\u00e9xico, <strong>Cuaht\u00e9moc Blanco<\/strong> fall\u00f3 un penal para el equipo Tricolor.<\/p>\n<p>Durante el primer duelo, entre las ex estrellas mexicanas y alemanas del Mundial de 1986 en M\u00e9xico, el actual Presidente Municipal\u00a0de Cuernavaca perdi\u00f3 la oportunidad de que los verdes se acercaran al marcador.<\/p>\n<p>Cuando Alemania gana 0-3, <strong>Cuauht\u00e9moc<\/strong> tom\u00f3 el bal\u00f3n y se encarrer\u00f3 rumbo al manch\u00f3n penal y meti\u00f3 un potente disparo al travesa\u00f1o.<\/p>\n<p style=\"text-align: center;\"><span style=\"color: #3366ff;\"><a style=\"color: #3366ff;\" href=\"https:\/\/www.futboltotal.com.mx\/2017\/07\/standard-liege-oficializa-la-llegada-guillermo-ochoa\/\">VER M\u00c1S: Standard de Lieja oficializa la llegada de Guillermo Ochoa<\/a><\/span><\/p>\n<blockquote class=\"twitter-tweet\" data-width=\"500\">\n<p lang=\"es\" dir=\"ltr\">As\u00ed fall\u00f3 Cuauht\u00e9moc Blanco el penal en el partido de Leyendas entre M\u00e9xico y Alemania. <a href=\"https:\/\/twitter.com\/AlazrakiSports\">@AlazrakiSports<\/a> <a href=\"https:\/\/t.co\/KJfZaMXAWm\">pic.twitter.com\/KJfZaMXAWm<\/a><\/p>\n<p>&mdash; Rub\u00e9n Berist\u00e1in \u26bd (@Ruben_Beristain) <a href=\"https:\/\/twitter.com\/Ruben_Beristain\/status\/884112436634296320\">July 9, 2017<\/a><\/p><\/blockquote>\n<p><script async src=\"\/\/platform.twitter.com\/widgets.js\" charset=\"utf-8\"><\/script><\/p>\n<p>Despu\u00e9s M\u00e9xico termin\u00f3 recortando distancias pero no le alcanz\u00f3 y perdi\u00f3 el partido 1-3.<\/p>\n","protected":false},"excerpt":{"rendered":"<p>El Cuau no pudo marcar en el primer juego.<\/p>\n","protected":false},"author":20,"featured_media":487489,"comment_status":"closed","ping_status":"closed","sticky":false,"template":"","format":"standard","meta":[],"categories":[2198,4],"tags":[6000,7010,65],"_links":{"self":[{"href":"http:\/\/desarrollo.grupomedios.com\/futbol\/wp-json\/wp\/v2\/posts\/487486"}],"collection":[{"href":"http:\/\/desarrollo.grupomedios.com\/futbol\/wp-json\/wp\/v2\/posts"}],"about":[{"href":"http:\/\/desarrollo.grupomedios.com\/futbol\/wp-json\/wp\/v2\/types\/post"}],"author":[{"embeddable":true,"href":"http:\/\/desarrollo.grupomedios.com\/futbol\/wp-json\/wp\/v2\/users\/20"}],"replies":[{"embeddable":true,"href":"http:\/\/desarrollo.grupomedios.com\/futbol\/wp-json\/wp\/v2\/comments?post=487486"}],"version-history":[{"count":3,"href":"http:\/\/desarrollo.grupomedios.com\/futbol\/wp-json\/wp\/v2\/posts\/487486\/revisions"}],"predecessor-version":[{"id":487503,"href":"http:\/\/desarrollo.grupomedios.com\/futbol\/wp-json\/wp\/v2\/posts\/487486\/revisions\/487503"}],"wp:featuredmedia":[{"embeddable":true,"href":"http:\/\/desarrollo.grupomedios.com\/futbol\/wp-json\/wp\/v2\/media\/487489"}],"wp:attachment":[{"href":"http:\/\/desarrollo.grupomedios.com\/futbol\/wp-json\/wp\/v2\/media?parent=487486"}],"wp:term":[{"taxonomy":"category","embeddable":true,"href":"http:\/\/desarrollo.grupomedios.com\/futbol\/wp-json\/wp\/v2\/categories?post=487486"},{"taxonomy":"post_tag","embeddable":true,"href":"http:\/\/desarrollo.grupomedios.com\/futbol\/wp-json\/wp\/v2\/tags?post=487486"}],"curies":[{"name":"wp","href":"https:\/\/api.w.org\/{rel}","templated":true}]}}