{"id":487487,"date":"2017-07-09T14:41:30","date_gmt":"2017-07-09T19:41:30","guid":{"rendered":"https:\/\/www.futboltotal.com.mx\/?p=487487"},"modified":"2017-07-09T14:41:30","modified_gmt":"2017-07-09T19:41:30","slug":"rooney-revelo-tremendo-secreto-tras-fichar-con-everton","status":"publish","type":"post","link":"http:\/\/desarrollo.grupomedios.com\/futbol\/futbol-internacional\/rooney-revelo-tremendo-secreto-tras-fichar-con-everton\/2017\/07","title":{"rendered":"Wayne Rooney revel\u00f3 tremendo secreto tras fichar con el Everton"},"content":{"rendered":"<p>El nuevo delantero del<a href=\"https:\/\/www.futboltotal.com.mx\/2017\/07\/everton-oficial-regreso-wayne-rooney\/\" target=\"_blank\" rel=\"noopener noreferrer\"><span style=\"color: #333399;\"><strong> Everton<\/strong><\/span><\/a> y m\u00e1ximo goleador hist\u00f3rico de la<strong> Selecci\u00f3n de Inglaterra, <a href=\"https:\/\/www.futboltotal.com.mx\/2017\/07\/wayne-rooney-esta-cerca-volver-al-everton\/\" target=\"_blank\" rel=\"noopener noreferrer\"><span style=\"color: #333399;\">Wayne Rooney<\/span><\/a><\/strong>, revel\u00f3 en entrevista un secret\u00f3 que manten\u00eda muy oculto.<\/p>\n<p>\u201cPara ser honesto, lo he tenido bien callado durante 13 a\u00f1os pero nunca he dejado de usar pijamas del Everton. Tambi\u00e9n ahora en casa con mis hijos\u201d.<\/p>\n<p style=\"text-align: center;\"><a href=\"https:\/\/www.futboltotal.com.mx\/2017\/07\/cruz-azul-descarta-lesion-seria-felipe-mora\/\" target=\"_blank\" rel=\"noopener noreferrer\"><span style=\"color: #333399;\">VER M\u00c1S:\u00a0<\/span><span style=\"color: #333399;\">Cruz Azul descarta que Felipe Mora tenga una lesi\u00f3n seria<\/span><\/a><\/p>\n<p>El <em>Chico Malo<\/em> revel\u00f3 que aunque haya vestido la camiseta del<a href=\"https:\/\/www.futboltotal.com.mx\/2017\/07\/manchester-united-confirma-llegada-lukaku-asi-reacciona-pogba\/\" target=\"_blank\" rel=\"noopener noreferrer\"><span style=\"color: #333399;\"> <strong>Manchester United<\/strong> <\/span><\/a>por 13 a\u00f1os, el <strong>Everton<\/strong> siempre ha sido el club de sus amores.<\/p>\n<p>Por \u00faltimo, <strong>Rooney<\/strong> asegur\u00f3 que \u201cganar t\u00edtulos con el Everton ser\u00eda la c\u00faspide de mi carrera\u201d. Con el <em>Man U<\/em> conquist\u00f3 una <a href=\"https:\/\/www.futboltotal.com.mx\/2017\/06\/la-champions-league-sera-transmitida-facebook\/\" target=\"_blank\" rel=\"noopener noreferrer\"><span style=\"color: #333399;\"><strong>UEFA Champions League<\/strong><\/span><\/a> (2008), 5 <a href=\"https:\/\/www.futboltotal.com.mx\/2017\/07\/equipo-premier-league-da-catedra-anunciar-fichaje\/\" target=\"_blank\" rel=\"noopener noreferrer\"><span style=\"color: #333399;\"><strong>Premier League<\/strong> <\/span><\/a>(2007, 2008, 2009, 2011, 2013), una <strong>FA Cup<\/strong> (2016), 3 <strong>Copas de la Liga<\/strong> (2006, 2010, 2017) y una <a href=\"https:\/\/www.futboltotal.com.mx\/2017\/07\/lalo-herrrera-debuto-en-eliminacion-del-rangers-en-la-europa-league\/\" target=\"_blank\" rel=\"noopener noreferrer\"><span style=\"color: #333399;\"><strong>UEFA Europa League<\/strong> <\/span><\/a>(2017).<\/p>\n<p style=\"text-align: center;\"><a href=\"https:\/\/www.futboltotal.com.mx\/2017\/07\/gignac-dijo-que-hijo-de-juninho-sera-futuro-de-tigres\/\" target=\"_blank\" rel=\"noopener noreferrer\"><span style=\"color: #333399;\">VER M\u00c1S:\u00a0<\/span><\/a><span style=\"color: #333399;\">Gignac asegura que el hijo de Juninho ser\u00e1 el futuro de Tigres<\/span><\/p>\n","protected":false},"excerpt":{"rendered":"<p>Rooney revel\u00f3 un secreto de su vida privada tras fichar con el Everton<\/p>\n","protected":false},"author":20,"featured_media":487492,"comment_status":"closed","ping_status":"closed","sticky":false,"template":"","format":"standard","meta":[],"categories":[5419,3839,3846],"tags":[8266,516,219,2348,43,334,192,6051],"_links":{"self":[{"href":"http:\/\/desarrollo.grupomedios.com\/futbol\/wp-json\/wp\/v2\/posts\/487487"}],"collection":[{"href":"http:\/\/desarrollo.grupomedios.com\/futbol\/wp-json\/wp\/v2\/posts"}],"about":[{"href":"http:\/\/desarrollo.grupomedios.com\/futbol\/wp-json\/wp\/v2\/types\/post"}],"author":[{"embeddable":true,"href":"http:\/\/desarrollo.grupomedios.com\/futbol\/wp-json\/wp\/v2\/users\/20"}],"replies":[{"embeddable":true,"href":"http:\/\/desarrollo.grupomedios.com\/futbol\/wp-json\/wp\/v2\/comments?post=487487"}],"version-history":[{"count":1,"href":"http:\/\/desarrollo.grupomedios.com\/futbol\/wp-json\/wp\/v2\/posts\/487487\/revisions"}],"predecessor-version":[{"id":487493,"href":"http:\/\/desarrollo.grupomedios.com\/futbol\/wp-json\/wp\/v2\/posts\/487487\/revisions\/487493"}],"wp:featuredmedia":[{"embeddable":true,"href":"http:\/\/desarrollo.grupomedios.com\/futbol\/wp-json\/wp\/v2\/media\/487492"}],"wp:attachment":[{"href":"http:\/\/desarrollo.grupomedios.com\/futbol\/wp-json\/wp\/v2\/media?parent=487487"}],"wp:term":[{"taxonomy":"category","embeddable":true,"href":"http:\/\/desarrollo.grupomedios.com\/futbol\/wp-json\/wp\/v2\/categories?post=487487"},{"taxonomy":"post_tag","embeddable":true,"href":"http:\/\/desarrollo.grupomedios.com\/futbol\/wp-json\/wp\/v2\/tags?post=487487"}],"curies":[{"name":"wp","href":"https:\/\/api.w.org\/{rel}","templated":true}]}}