{"id":487513,"date":"2017-07-09T16:57:24","date_gmt":"2017-07-09T21:57:24","guid":{"rendered":"https:\/\/www.futboltotal.com.mx\/?p=487513"},"modified":"2017-07-09T16:57:24","modified_gmt":"2017-07-09T21:57:24","slug":"carlos-hermosillo-critico-llegada-ochoa-al-lieja","status":"publish","type":"post","link":"http:\/\/desarrollo.grupomedios.com\/futbol\/futbol-mexicano\/carlos-hermosillo-critico-llegada-ochoa-al-lieja\/2017\/07","title":{"rendered":"Carlos Hermosillo critic\u00f3 llegada de Ochoa al Lieja"},"content":{"rendered":"<p>Luego de que el<span style=\"color: #3366ff;\"><a style=\"color: #3366ff;\" href=\"https:\/\/www.futboltotal.com.mx\/2017\/07\/standard-liege-oficializa-la-llegada-guillermo-ochoa\/\" target=\"_blank\" rel=\"noopener noreferrer\"> Standard de Lieja anunciara la contrataci\u00f3n de Guillermo Ochoa<\/a><\/span>, el ex futbolista mexicano, <strong>Carlos Hermosillo<\/strong>, critic\u00f3 la llegada del portero mexicano al futbol de B\u00e9lgica.<\/p>\n<p><strong>Hermosillo<\/strong> jug\u00f3 para el Lieja en la temporada 1989-90, cuando dej\u00f3 al Am\u00e9rica para convertirse en el primer mexicano en jugar en aquel pa\u00eds y por ello ha opinado sobre la llegada de <strong>Ochoa<\/strong>.<\/p>\n<p style=\"text-align: center;\"><span style=\"color: #3366ff;\"><a style=\"color: #3366ff;\" href=\"https:\/\/www.futboltotal.com.mx\/2017\/07\/standard-liege-oficializa-la-llegada-guillermo-ochoa\/\">VER M\u00c1S: Standard de Lieja oficializa la llegada de Guillermo Ochoa<\/a><\/span><\/p>\n<p>\u201cAhorita est\u00e1n batallando con el tema del descenso. No s\u00e9 qu\u00e9 fue hacer <strong>Ochoa<\/strong> a otro equipo que va al descenso, a un lugar que es muy fr\u00edo, con mucha lluvia, que los jugadores son muy fr\u00edos, no te ayudan en nada. Es un muy buen futbol, pero normalmente siempre juegas con lluvia y con fr\u00edo\u201d, describi\u00f3 a <em>ESPN Digital<\/em> el campe\u00f3n con el Cruz Azul en el Invierno 1997.<\/p>\n<p>A pesar de que seguir\u00e1 jugando en Europa y rechaz\u00f3 ofertas de la MLS, para Hermosillo el portero mexicano est\u00e1 dando un paso atr\u00e1s en su carrera.<\/p>\n<p style=\"text-align: center;\"><span style=\"color: #3366ff;\"><a style=\"color: #3366ff;\" href=\"https:\/\/www.futboltotal.com.mx\/2017\/07\/director-deportivo-la-roma-hablo-la-llegada-carlos-vela\/\">VER M\u00c1S: Director Deportivo de la Roma habl\u00f3 de la llegada de Vela<\/a><\/span><\/p>\n<p>\u201cEs un retroceso, pero va a lo mismo. Ha deambulado por equipos que est\u00e1n peleando el descenso y me parece que no es una buena decisi\u00f3n, desde mi punto de vista y es algo muy personal, yo respeto la decisi\u00f3n de \u00e9l, me parece que es una decisi\u00f3n muy mala por el tema de selecciones nacionales. Se deprecia mucho el puesto de selecci\u00f3n nacional porque se supone que tienen que ir los mejores\u201d, apunt\u00f3.<\/p>\n","protected":false},"excerpt":{"rendered":"<p>El ex delantero milit\u00f3 en B\u00e9lgica con el mismo equipo.<\/p>\n","protected":false},"author":20,"featured_media":474621,"comment_status":"closed","ping_status":"closed","sticky":false,"template":"","format":"standard","meta":[],"categories":[3839,2198],"tags":[599,5991,9309],"_links":{"self":[{"href":"http:\/\/desarrollo.grupomedios.com\/futbol\/wp-json\/wp\/v2\/posts\/487513"}],"collection":[{"href":"http:\/\/desarrollo.grupomedios.com\/futbol\/wp-json\/wp\/v2\/posts"}],"about":[{"href":"http:\/\/desarrollo.grupomedios.com\/futbol\/wp-json\/wp\/v2\/types\/post"}],"author":[{"embeddable":true,"href":"http:\/\/desarrollo.grupomedios.com\/futbol\/wp-json\/wp\/v2\/users\/20"}],"replies":[{"embeddable":true,"href":"http:\/\/desarrollo.grupomedios.com\/futbol\/wp-json\/wp\/v2\/comments?post=487513"}],"version-history":[{"count":1,"href":"http:\/\/desarrollo.grupomedios.com\/futbol\/wp-json\/wp\/v2\/posts\/487513\/revisions"}],"predecessor-version":[{"id":487518,"href":"http:\/\/desarrollo.grupomedios.com\/futbol\/wp-json\/wp\/v2\/posts\/487513\/revisions\/487518"}],"wp:featuredmedia":[{"embeddable":true,"href":"http:\/\/desarrollo.grupomedios.com\/futbol\/wp-json\/wp\/v2\/media\/474621"}],"wp:attachment":[{"href":"http:\/\/desarrollo.grupomedios.com\/futbol\/wp-json\/wp\/v2\/media?parent=487513"}],"wp:term":[{"taxonomy":"category","embeddable":true,"href":"http:\/\/desarrollo.grupomedios.com\/futbol\/wp-json\/wp\/v2\/categories?post=487513"},{"taxonomy":"post_tag","embeddable":true,"href":"http:\/\/desarrollo.grupomedios.com\/futbol\/wp-json\/wp\/v2\/tags?post=487513"}],"curies":[{"name":"wp","href":"https:\/\/api.w.org\/{rel}","templated":true}]}}