{"id":487516,"date":"2017-07-09T16:58:52","date_gmt":"2017-07-09T21:58:52","guid":{"rendered":"https:\/\/www.futboltotal.com.mx\/?p=487516"},"modified":"2017-07-09T16:58:52","modified_gmt":"2017-07-09T21:58:52","slug":"chofis-lopez-se-tatua-y-no-escudo-de-chivas","status":"publish","type":"post","link":"http:\/\/desarrollo.grupomedios.com\/futbol\/futbol-mexicano\/chofis-lopez-se-tatua-y-no-escudo-de-chivas\/2017\/07","title":{"rendered":"&#8216;La Chofis&#8217; se tatu\u00f3 y no precisamente el escudo de Chivas"},"content":{"rendered":"<p>Los jugadores suelen tener una afici\u00f3n por los tatuajes, algunos con significados especiales y relacionados con sus vivencias y otros tantos con sus seres queridos, aunque hay otros que lo hacen por puro gusto.<\/p>\n<p>Tal es el caso del jugador de las<em> Chivas Rayadas<\/em> del <strong><a href=\"https:\/\/www.futboltotal.com.mx\/2017\/07\/liga-mx-actualiza-escudo-chivas\/\" target=\"_blank\" rel=\"noopener noreferrer\"><span style=\"color: #333399;\">Guadalajara<\/span><\/a>, <a href=\"https:\/\/www.futboltotal.com.mx\/2017\/06\/chofis-lopez-sera-operado-por-problemas-en-pubis\/\" target=\"_blank\" rel=\"noopener noreferrer\"><span style=\"color: #333399;\">Javier<\/span><\/a><\/strong><span style=\"color: #333399;\"> \u2018La Chofis\u2019 <strong>L\u00f3pez<\/strong><\/span>, quien decidi\u00f3 tatuarse al<em> Guas\u00f3n<\/em> de<strong> Jared Leto.<\/strong><\/p>\n<p style=\"text-align: center;\"><a href=\"https:\/\/www.futboltotal.com.mx\/2017\/07\/rooney-se-despidio-de-manchester-con-emotivo-mensaje\/\" target=\"_blank\" rel=\"noopener noreferrer\"><span style=\"color: #333399;\">VER M\u00c1S:\u00a0<\/span><span style=\"color: #333399;\">Rooney se despidi\u00f3 del Man U con emotivo mensaje<\/span><\/a><\/p>\n<p>El mediocampista del <em>Reba\u00f1o Sagrado<\/em> presumi\u00f3 a trav\u00e9s de sus redes sociales el dise\u00f1o que portar\u00e1 en su brazo derecho.<\/p>\n<p style=\"text-align: center;\"><a href=\"https:\/\/www.futboltotal.com.mx\/2017\/07\/dani-alves-se-casa-en-secreto-y-no-invita-a-sus-amigos\/\" target=\"_blank\" rel=\"noopener noreferrer\"><span style=\"color: #333399;\">VER M\u00c1S:\u00a0<\/span><span style=\"color: #333399;\">Dani Alves se cas\u00f3 en Ibiza y no invit\u00f3 a nadie de sus amigos<\/span><\/a><\/p>\n<p><a href=\"https:\/\/www.futboltotal.com.mx\/wp-content\/uploads\/2017\/07\/1-4.jpg\"><img decoding=\"async\" loading=\"lazy\" class=\"size-medium wp-image-487517 aligncenter\" src=\"https:\/\/www.futboltotal.com.mx\/wp-content\/uploads\/2017\/07\/1-4-274x300.jpg\" alt=\"&#8216;La Chofis&#8217; se tatu\u00f3 y no precisamente el escudo de Chivas 0\" srcset=\"http:\/\/desarrollo.grupomedios.com\/futbol\/wp-content\/uploads\/2017\/07\/1-4-274x300.jpg 274w, http:\/\/desarrollo.grupomedios.com\/futbol\/wp-content\/uploads\/2017\/07\/1-4.jpg 523w\" sizes=\"(max-width: 274px) 100vw, 274px\" \/><\/a><\/p>\n","protected":false},"excerpt":{"rendered":"<p>Vaya tatuaje que se hizo &#8216;La Chofis&#8217; L\u00f3pez<\/p>\n","protected":false},"author":20,"featured_media":487519,"comment_status":"closed","ping_status":"closed","sticky":false,"template":"","format":"standard","meta":[],"categories":[5419,2198,3845],"tags":[70,5963,5134,7077],"_links":{"self":[{"href":"http:\/\/desarrollo.grupomedios.com\/futbol\/wp-json\/wp\/v2\/posts\/487516"}],"collection":[{"href":"http:\/\/desarrollo.grupomedios.com\/futbol\/wp-json\/wp\/v2\/posts"}],"about":[{"href":"http:\/\/desarrollo.grupomedios.com\/futbol\/wp-json\/wp\/v2\/types\/post"}],"author":[{"embeddable":true,"href":"http:\/\/desarrollo.grupomedios.com\/futbol\/wp-json\/wp\/v2\/users\/20"}],"replies":[{"embeddable":true,"href":"http:\/\/desarrollo.grupomedios.com\/futbol\/wp-json\/wp\/v2\/comments?post=487516"}],"version-history":[{"count":1,"href":"http:\/\/desarrollo.grupomedios.com\/futbol\/wp-json\/wp\/v2\/posts\/487516\/revisions"}],"predecessor-version":[{"id":487521,"href":"http:\/\/desarrollo.grupomedios.com\/futbol\/wp-json\/wp\/v2\/posts\/487516\/revisions\/487521"}],"wp:featuredmedia":[{"embeddable":true,"href":"http:\/\/desarrollo.grupomedios.com\/futbol\/wp-json\/wp\/v2\/media\/487519"}],"wp:attachment":[{"href":"http:\/\/desarrollo.grupomedios.com\/futbol\/wp-json\/wp\/v2\/media?parent=487516"}],"wp:term":[{"taxonomy":"category","embeddable":true,"href":"http:\/\/desarrollo.grupomedios.com\/futbol\/wp-json\/wp\/v2\/categories?post=487516"},{"taxonomy":"post_tag","embeddable":true,"href":"http:\/\/desarrollo.grupomedios.com\/futbol\/wp-json\/wp\/v2\/tags?post=487516"}],"curies":[{"name":"wp","href":"https:\/\/api.w.org\/{rel}","templated":true}]}}