{"id":487522,"date":"2017-07-09T17:21:17","date_gmt":"2017-07-09T22:21:17","guid":{"rendered":"https:\/\/www.futboltotal.com.mx\/?p=487522"},"modified":"2017-07-09T17:21:17","modified_gmt":"2017-07-09T22:21:17","slug":"ausencias-chivas-no-seran-pretexto-matias-almeyda","status":"publish","type":"post","link":"http:\/\/desarrollo.grupomedios.com\/futbol\/uncategorized\/ausencias-chivas-no-seran-pretexto-matias-almeyda\/2017\/07","title":{"rendered":"&#8220;Ausencias no ser\u00e1n pretexto&#8221;: Mat\u00edas Almeyda"},"content":{"rendered":"<p>El t\u00e9cnico de <strong><a href=\"https:\/\/www.futboltotal.com.mx\/2017\/07\/liga-mx-actualiza-escudo-chivas\/\" target=\"_blank\" rel=\"noopener noreferrer\"><span style=\"color: #333399;\">Chivas<\/span><\/a>, <a href=\"https:\/\/www.futboltotal.com.mx\/2017\/07\/almeyda-ya-sabe-osorio-convoco-a-laterales\/\" target=\"_blank\" rel=\"noopener noreferrer\"><span style=\"color: #333399;\">Mat\u00edas Almeyda<\/span><\/a><\/strong>, asegur\u00f3 que las ausencias no ser\u00e1n pretexto en las primeras jornadas del <strong>Apertura 2017<\/strong>, ya que el <em>Reba\u00f1o Sagrado<\/em> no podr\u00e1 contar con el lesionado<a href=\"https:\/\/www.futboltotal.com.mx\/2017\/07\/alan-pulido-estara-18-semanas\/\" target=\"_blank\" rel=\"noopener noreferrer\"><span style=\"color: #333399;\"> <strong>Alan Pulido<\/strong><\/span><\/a>, as\u00ed como con los elementos que se encuentran concentrados con la<a href=\"https:\/\/www.futboltotal.com.mx\/2017\/07\/en-vivo-online-mexico-vs-el-salvador-copa-oro-2017\/\" target=\"_blank\" rel=\"noopener noreferrer\"><span style=\"color: #333399;\"><strong> Selecci\u00f3n Mexicana<\/strong><\/span><\/a> en la <strong><a href=\"https:\/\/www.futboltotal.com.mx\/2017\/07\/costa-rica-vencio-con-lo-minimo-a-honduras\/\" target=\"_blank\" rel=\"noopener noreferrer\"><span style=\"color: #333399;\">Copa Oro<\/span><\/a>.<\/strong><\/p>\n<p style=\"text-align: center;\"><a href=\"https:\/\/www.futboltotal.com.mx\/2017\/07\/chofis-lopez-se-tatua-y-no-escudo-de-chivas\/\" target=\"_blank\" rel=\"noopener noreferrer\"><span style=\"color: #333399;\">VER M\u00c1S:\u00a0<\/span><span style=\"color: #333399;\">\u2018La Chofis\u2019 se tatu\u00f3 y no precisamente el escudo de Chivas<\/span><\/a><\/p>\n<p>El <em>Chiver\u00edo<\/em> regres\u00f3 a la ciudad de <strong>Guadalajara<\/strong>, tras disputar en<strong> Estados Unidos<\/strong> sus primeros tres encuentros amistosos de pretemporada, donde consigui\u00f3 dos derrotas y un empate. Los malos resultados se deben en gran medida a las ausencias, por lo que \u2018El Pelado\u2019 asegur\u00f3 que esa no ser\u00e1 una excusa en el pr\u00f3ximo certamen.<\/p>\n<p>\u201cEs m\u00e1s trabajo, obliga a pensar un poco m\u00e1s, pero de ninguna manera habr\u00e1 pretextos. Obviamente, se va a sentir la ausencia de Alan Pulido y los jugadores que est\u00e1n en Selecci\u00f3n Mexicana, pero es la posibilidad de ir viendo j\u00f3venes y apoyarlos\u201d.<\/p>\n<p>\u201cEl grupo est\u00e1 con 10 j\u00f3venes. Las fuerzas se han renovado y la mentalidad es siempre la misma. Lo que pas\u00f3 ya queda en la historia del club. Ahora tenemos que volver a trabajar con disposici\u00f3n, con la humildad que caracteriza a este grupo para ir por m\u00e1s\u201d, finaliz\u00f3 el timonel.<\/p>\n<p style=\"text-align: center;\"><a href=\"https:\/\/www.futboltotal.com.mx\/2017\/07\/dani-alves-se-casa-en-secreto-y-no-invita-a-sus-amigos\/\" target=\"_blank\" rel=\"noopener noreferrer\"><span style=\"color: #333399;\">VER M\u00c1S:\u00a0<span class=\"item-title\">Dani Alves se cas\u00f3 en Ibiza y no invit\u00f3 a nadie de sus amigos<\/span><\/span><\/a><\/p>\n<p>Por otra parte, <a href=\"https:\/\/www.futboltotal.com.mx\/2017\/06\/mats-hummels-le-manda-mensaje-a-oswaldo-alanis-alemania-vs-mexico\/\" target=\"_blank\" rel=\"noopener noreferrer\"><span style=\"color: #333399;\"><strong>Alan\u00eds<\/strong><\/span><\/a> y <a href=\"https:\/\/www.futboltotal.com.mx\/2017\/06\/pachuca-quiere-regreso-a-rodolfo-cota\/\" target=\"_blank\" rel=\"noopener noreferrer\"><span style=\"color: #333399;\"><strong>Cota<\/strong><\/span><\/a> se incorporar\u00e1n en los pr\u00f3ximos d\u00edas a los trabajos del conjunto <em>Rojiblanco<\/em> tras su participaci\u00f3n con el<em> Tricolor<\/em> en la<a href=\"https:\/\/www.futboltotal.com.mx\/2017\/07\/juan-carlos-osorio-se-disculpo-incidente-en-confederaciones\/\" target=\"_blank\" rel=\"noopener noreferrer\"><span style=\"color: #333399;\"> <strong>Copa Confederaciones.<\/strong><\/span><\/a><\/p>\n","protected":false},"excerpt":{"rendered":"<p>Mat\u00edas Almeyda asegur\u00f3 que las ausencias no ser\u00e1n pretexto para Chivas<\/p>\n","protected":false},"author":20,"featured_media":485225,"comment_status":"closed","ping_status":"closed","sticky":false,"template":"","format":"standard","meta":[],"categories":[1],"tags":[1607,8240,70,1580,1934,9310,5963,1420],"_links":{"self":[{"href":"http:\/\/desarrollo.grupomedios.com\/futbol\/wp-json\/wp\/v2\/posts\/487522"}],"collection":[{"href":"http:\/\/desarrollo.grupomedios.com\/futbol\/wp-json\/wp\/v2\/posts"}],"about":[{"href":"http:\/\/desarrollo.grupomedios.com\/futbol\/wp-json\/wp\/v2\/types\/post"}],"author":[{"embeddable":true,"href":"http:\/\/desarrollo.grupomedios.com\/futbol\/wp-json\/wp\/v2\/users\/20"}],"replies":[{"embeddable":true,"href":"http:\/\/desarrollo.grupomedios.com\/futbol\/wp-json\/wp\/v2\/comments?post=487522"}],"version-history":[{"count":1,"href":"http:\/\/desarrollo.grupomedios.com\/futbol\/wp-json\/wp\/v2\/posts\/487522\/revisions"}],"predecessor-version":[{"id":487523,"href":"http:\/\/desarrollo.grupomedios.com\/futbol\/wp-json\/wp\/v2\/posts\/487522\/revisions\/487523"}],"wp:featuredmedia":[{"embeddable":true,"href":"http:\/\/desarrollo.grupomedios.com\/futbol\/wp-json\/wp\/v2\/media\/485225"}],"wp:attachment":[{"href":"http:\/\/desarrollo.grupomedios.com\/futbol\/wp-json\/wp\/v2\/media?parent=487522"}],"wp:term":[{"taxonomy":"category","embeddable":true,"href":"http:\/\/desarrollo.grupomedios.com\/futbol\/wp-json\/wp\/v2\/categories?post=487522"},{"taxonomy":"post_tag","embeddable":true,"href":"http:\/\/desarrollo.grupomedios.com\/futbol\/wp-json\/wp\/v2\/tags?post=487522"}],"curies":[{"name":"wp","href":"https:\/\/api.w.org\/{rel}","templated":true}]}}