{"id":487539,"date":"2017-07-09T19:35:46","date_gmt":"2017-07-10T00:35:46","guid":{"rendered":"https:\/\/www.futboltotal.com.mx\/?p=487539"},"modified":"2017-07-09T19:35:46","modified_gmt":"2017-07-10T00:35:46","slug":"sagal-viajo-a-eua-con-pachuca-para-duelos-amistosos","status":"publish","type":"post","link":"http:\/\/desarrollo.grupomedios.com\/futbol\/futbol-mexicano\/sagal-viajo-a-eua-con-pachuca-para-duelos-amistosos\/2017\/07","title":{"rendered":"\u00c1ngelo Sagal viaj\u00f3 con Pachuca para juegos amistosos"},"content":{"rendered":"<p>Los <em>Tuzos<\/em> del <a href=\"https:\/\/www.futboltotal.com.mx\/2017\/06\/madrugan-a-pachuca-con-su-nueva-piel\/\" target=\"_blank\" rel=\"noopener noreferrer\"><span style=\"color: #333399;\"><strong>Pachuca<\/strong><\/span><\/a> viajaron a los <strong>Estados Unidos<\/strong> con su nuevo refuerzo<a href=\"https:\/\/www.futboltotal.com.mx\/2017\/06\/angelo-sagal-se-incorporara-a-pachuca-al-termino-de-confederaciones\/\" target=\"_blank\" rel=\"noopener noreferrer\"><span style=\"color: #333399;\"> <strong>\u00c1ngelo Sagal<\/strong><\/span><\/a>, para los encuentros amistosos de cara al arranque del<strong><a href=\"https:\/\/www.futboltotal.com.mx\/2017\/06\/nuevo-balon-la-liga-mx-apertura-2017\/\" target=\"_blank\" rel=\"noopener noreferrer\"><span style=\"color: #333399;\"> Apertura 2017<\/span><\/a>.<\/strong><\/p>\n<p>El jugador de <em>La Roja<\/em> report\u00f3 con los de la <em>Bella Airosa<\/em> el pasado viernes tras su participaci\u00f3n con la<a href=\"https:\/\/www.futboltotal.com.mx\/2017\/06\/en-chile-nos-conformamos-queremos-ganar-la-final-claudio-bravo\/\" target=\"_blank\" rel=\"noopener noreferrer\"><span style=\"color: #333399;\"> <strong>Selecci\u00f3n de Chile<\/strong> <\/span><\/a>en la pasada <a href=\"https:\/\/www.futboltotal.com.mx\/2017\/07\/juan-carlos-osorio-se-disculpo-incidente-en-confederaciones\/\" target=\"_blank\" rel=\"noopener noreferrer\"><span style=\"color: #333399;\"><strong>Copa Confederaciones.<\/strong><\/span><\/a><\/p>\n<p style=\"text-align: center;\"><a href=\"https:\/\/www.futboltotal.com.mx\/2017\/07\/mbappe-habria-revelado-en-redes-sociales\/\" target=\"_blank\" rel=\"noopener noreferrer\"><span style=\"color: #333399;\">VER M\u00c1S:\u00a0<\/span><span style=\"color: #333399;\">Mbapp\u00e9 habr\u00eda revelado su futuro en redes sociales<\/span><\/a><\/p>\n<p><strong>Sagal<\/strong> se someti\u00f3 el d\u00eda de ayer a ex\u00e1menes m\u00e9dicos y f\u00edsicos y este domingo arrib\u00f3 a la <strong>Ciudad de M\u00e9xico<\/strong> para tomar un vuelo internacional con la plantilla que dirige <a href=\"https:\/\/www.futboltotal.com.mx\/2017\/05\/diego-alonso-renueva-contrato-pachuca\/\" target=\"_blank\" rel=\"noopener noreferrer\"><span style=\"color: #333399;\"><strong>Diego Alonso.<\/strong><\/span><\/a><\/p>\n<p>Por otra parte, <a href=\"https:\/\/www.futboltotal.com.mx\/2017\/06\/pachuca-oficializo-la-llegada-edson-puch\/\" target=\"_blank\" rel=\"noopener noreferrer\"><span style=\"color: #333399;\"><strong>Edson Puch<\/strong> <\/span><\/a>obtuvo un permiso especial del conjunto propiedad de <a href=\"https:\/\/www.futboltotal.com.mx\/2017\/06\/jesus-martinez-le-deseo-exito-a-lozano-en-su-aventura-europea\/\" target=\"_blank\" rel=\"noopener noreferrer\"><span style=\"color: #333399;\"><strong>Jes\u00fas Mart\u00ednez<\/strong><\/span><\/a> para reportar en los pr\u00f3ximos d\u00edas.<\/p>\n<p style=\"text-align: center;\"><a href=\"https:\/\/www.futboltotal.com.mx\/2017\/07\/guardiola-quiere-a-alexis-sanchez-en-el-manchester-city\/\" target=\"_blank\" rel=\"noopener noreferrer\"><span style=\"color: #333399;\">VER M\u00c1S:\u00a0<\/span><span class=\"item-title\" style=\"color: #333399;\">Guardiola quiere a Alexis S\u00e1nchez en el City<\/span><\/a><\/p>\n<p>Los <em>Tuzos<\/em> disputar\u00e1n encuentros amistosos ante el <strong>Oklahoma City Energy FC<\/strong> el pr\u00f3ximo martes y har\u00e1n lo propio contra el<strong> Republic FC<\/strong> el d\u00eda s\u00e1bado.<\/p>\n","protected":false},"excerpt":{"rendered":"<p>\u00c1ngelo Sagal viaj\u00f3 con los Tuzos a EUA.<\/p>\n","protected":false},"author":20,"featured_media":487540,"comment_status":"closed","ping_status":"closed","sticky":false,"template":"","format":"standard","meta":[],"categories":[2198,3845],"tags":[8715,1580,8589,7454,654,5968,1669,73],"_links":{"self":[{"href":"http:\/\/desarrollo.grupomedios.com\/futbol\/wp-json\/wp\/v2\/posts\/487539"}],"collection":[{"href":"http:\/\/desarrollo.grupomedios.com\/futbol\/wp-json\/wp\/v2\/posts"}],"about":[{"href":"http:\/\/desarrollo.grupomedios.com\/futbol\/wp-json\/wp\/v2\/types\/post"}],"author":[{"embeddable":true,"href":"http:\/\/desarrollo.grupomedios.com\/futbol\/wp-json\/wp\/v2\/users\/20"}],"replies":[{"embeddable":true,"href":"http:\/\/desarrollo.grupomedios.com\/futbol\/wp-json\/wp\/v2\/comments?post=487539"}],"version-history":[{"count":1,"href":"http:\/\/desarrollo.grupomedios.com\/futbol\/wp-json\/wp\/v2\/posts\/487539\/revisions"}],"predecessor-version":[{"id":487541,"href":"http:\/\/desarrollo.grupomedios.com\/futbol\/wp-json\/wp\/v2\/posts\/487539\/revisions\/487541"}],"wp:featuredmedia":[{"embeddable":true,"href":"http:\/\/desarrollo.grupomedios.com\/futbol\/wp-json\/wp\/v2\/media\/487540"}],"wp:attachment":[{"href":"http:\/\/desarrollo.grupomedios.com\/futbol\/wp-json\/wp\/v2\/media?parent=487539"}],"wp:term":[{"taxonomy":"category","embeddable":true,"href":"http:\/\/desarrollo.grupomedios.com\/futbol\/wp-json\/wp\/v2\/categories?post=487539"},{"taxonomy":"post_tag","embeddable":true,"href":"http:\/\/desarrollo.grupomedios.com\/futbol\/wp-json\/wp\/v2\/tags?post=487539"}],"curies":[{"name":"wp","href":"https:\/\/api.w.org\/{rel}","templated":true}]}}