{"id":487564,"date":"2017-07-10T09:53:49","date_gmt":"2017-07-10T14:53:49","guid":{"rendered":"https:\/\/www.futboltotal.com.mx\/?p=487564"},"modified":"2017-07-10T09:55:42","modified_gmt":"2017-07-10T14:55:42","slug":"walter-gargano-se-disculpo-por-declaraciones-sobre-mohamed","status":"publish","type":"post","link":"http:\/\/desarrollo.grupomedios.com\/futbol\/uncategorized\/walter-gargano-se-disculpo-por-declaraciones-sobre-mohamed\/2017\/07","title":{"rendered":"Walter Gargano se disculp\u00f3 por declaraciones sobre Mohamed"},"content":{"rendered":"<p>Tras los<span style=\"color: #3366ff;\"> p<a style=\"color: #3366ff;\" href=\"https:\/\/www.futboltotal.com.mx\/2017\/07\/gargano-explota-contra-mohamed-y-quiere-irse-de-rayados\/\" target=\"_blank\" rel=\"noopener noreferrer\">ol\u00e9micas palabras que dijo sobre Antonio Mohamed<\/a><\/span>, el uruguayo <strong>Walter Gargano<\/strong> se disculpo por lo declarado a una radio de su pa\u00eds y asegur\u00f3 que no le consta que el entrenador haga esas cosas.<\/p>\n<p>\u201cSiempre he sido de hablar de frente y eso me ha tra\u00eddo cosas buenas y malas. Cuando considero que estoy en lo correcto, me mantengo firme y cuando me equivoco tambi\u00e9n soy de dar la cara. Hoy quiero y debo reconocer que lo que habl\u00e9 para una radio en mi pa\u00eds, donde puse en duda la honestidad del entrenador y del club, dije cosas que realmente no he visto, ni me constan y ante eso me retracto\u201d, escribi\u00f3 en su cuenta de Twitter.<\/p>\n<p style=\"text-align: center;\"><span style=\"color: #3366ff;\"><a style=\"color: #3366ff;\" href=\"https:\/\/www.futboltotal.com.mx\/2017\/07\/pompilio-paez-asegura-mexico-debe-tener-control-emocional\/\">VER M\u00c1S: Pompilio asegura que M\u00e9xico debe tener m\u00e1s control emocional<\/a><\/span><\/p>\n<p>Gargano coment\u00f3 que hay entrenadores que la hacen de representantes y quieren quedarse con la \u2018torta\u2019 al negociar los contratos del jugador, situaci\u00f3n que <span style=\"color: #3366ff;\"><a style=\"color: #3366ff;\" href=\"https:\/\/www.futboltotal.com.mx\/2017\/07\/gargano-demostrar-acusaciones-ante-la-justicia-mohamed\/\" target=\"_blank\" rel=\"noopener noreferrer\">sali\u00f3 a negar tanto el Turco, como la directiva de Rayados<\/a><\/span> encabezada por Duilio Davino.<\/p>\n<p>El mediocampista volvi\u00f3 a ofrecer disculpas y asegur\u00f3 que no quiere justificarse, aunque reconoci\u00f3 que vive momentos de presi\u00f3n por no poder salir del club.<\/p>\n<p>\u201cMe disculpo con las personas que se sintieran ofendidas. No pretendo justificar, pero si aclarar por la presi\u00f3n que estoy pasando en este momento, mi intenci\u00f3n es asegurar el futuro de mis hijos y familia. Uno vive del f\u00fatbol y con mi gente vamos a buscar la mejor manera para poder estar en un lugar tranquilo y feliz para todos. Por \u00faltimo, quisiera reiterar mis disculpas al entrenador y club\u201d, finaliz\u00f3.<\/p>\n<p style=\"text-align: center;\"><span style=\"color: #3366ff;\"><a style=\"color: #3366ff;\" href=\"https:\/\/www.futboltotal.com.mx\/2017\/07\/director-deportivo-la-roma-hablo-la-llegada-carlos-vela\/\">VER M\u00c1S: Director Deportivo de la Roma habl\u00f3 de la llegada de Vela<\/a><\/span><\/p>\n","protected":false},"excerpt":{"rendered":"<p>El uruguayo asegur\u00f3 que &#8220;pasa por un mal momento&#8221;.<\/p>\n","protected":false},"author":20,"featured_media":486692,"comment_status":"closed","ping_status":"closed","sticky":false,"template":"","format":"standard","meta":[],"categories":[2198,3845,1],"tags":[1587,497,5641],"_links":{"self":[{"href":"http:\/\/desarrollo.grupomedios.com\/futbol\/wp-json\/wp\/v2\/posts\/487564"}],"collection":[{"href":"http:\/\/desarrollo.grupomedios.com\/futbol\/wp-json\/wp\/v2\/posts"}],"about":[{"href":"http:\/\/desarrollo.grupomedios.com\/futbol\/wp-json\/wp\/v2\/types\/post"}],"author":[{"embeddable":true,"href":"http:\/\/desarrollo.grupomedios.com\/futbol\/wp-json\/wp\/v2\/users\/20"}],"replies":[{"embeddable":true,"href":"http:\/\/desarrollo.grupomedios.com\/futbol\/wp-json\/wp\/v2\/comments?post=487564"}],"version-history":[{"count":3,"href":"http:\/\/desarrollo.grupomedios.com\/futbol\/wp-json\/wp\/v2\/posts\/487564\/revisions"}],"predecessor-version":[{"id":487567,"href":"http:\/\/desarrollo.grupomedios.com\/futbol\/wp-json\/wp\/v2\/posts\/487564\/revisions\/487567"}],"wp:featuredmedia":[{"embeddable":true,"href":"http:\/\/desarrollo.grupomedios.com\/futbol\/wp-json\/wp\/v2\/media\/486692"}],"wp:attachment":[{"href":"http:\/\/desarrollo.grupomedios.com\/futbol\/wp-json\/wp\/v2\/media?parent=487564"}],"wp:term":[{"taxonomy":"category","embeddable":true,"href":"http:\/\/desarrollo.grupomedios.com\/futbol\/wp-json\/wp\/v2\/categories?post=487564"},{"taxonomy":"post_tag","embeddable":true,"href":"http:\/\/desarrollo.grupomedios.com\/futbol\/wp-json\/wp\/v2\/tags?post=487564"}],"curies":[{"name":"wp","href":"https:\/\/api.w.org\/{rel}","templated":true}]}}