{"id":487596,"date":"2017-07-10T13:06:12","date_gmt":"2017-07-10T18:06:12","guid":{"rendered":"https:\/\/www.futboltotal.com.mx\/?p=487596"},"modified":"2017-07-10T13:10:24","modified_gmt":"2017-07-10T18:10:24","slug":"america-busca-repatriar-jonathan-dos-santos","status":"publish","type":"post","link":"http:\/\/desarrollo.grupomedios.com\/futbol\/destacado-home\/america-busca-repatriar-jonathan-dos-santos\/2017\/07","title":{"rendered":"Am\u00e9rica prepara &#8216;Bombazo&#8217; repatriando a jugador mexicano"},"content":{"rendered":"<p>El <a href=\"https:\/\/www.futboltotal.com.mx\/2017\/07\/america-golea-al-puebla-en-duelo-amistoso\/\" target=\"_blank\" rel=\"noopener noreferrer\"><span style=\"color: #333399;\"><strong>Club Am\u00e9rica<\/strong><\/span><\/a> sigue en busca de un refuerzo para el <strong><a href=\"https:\/\/www.futboltotal.com.mx\/2017\/06\/nuevo-balon-la-liga-mx-apertura-2017\/\" target=\"_blank\" rel=\"noopener noreferrer\"><span style=\"color: #333399;\">Apertura 2017<\/span><\/a>, <a href=\"https:\/\/www.futboltotal.com.mx\/2017\/06\/jonathan-dos-santos-defendio-rotaciones-osorio\/\" target=\"_blank\" rel=\"noopener noreferrer\"><span style=\"color: #333399;\">Jonathan Dos Santos<\/span><\/a><\/strong>, ser\u00eda del inter\u00e9s del conjunto de <strong>Coapa<\/strong>, luego de que el due\u00f1o del equipo, <strong>Emilio Azc\u00e1rraga<\/strong>, pidiera la contrataci\u00f3n del jugador, as\u00ed lo dio a conocer El Universal.<\/p>\n<p style=\"text-align: center;\"><a href=\"https:\/\/www.futboltotal.com.mx\/2017\/07\/pique-baila-se-divierte-artista-del-pen-pineapple-apple-pen\/\" target=\"_blank\" rel=\"noopener noreferrer\"><span style=\"color: #333399;\">VER M\u00c1S:\u00a0Piqu\u00e9 baila y se divierte con artista del \u2018pen pineapple apple pen\u2019<\/span><\/a><\/p>\n<p>El menor de los <strong>Dos Santos<\/strong> tiene contrato vigente con el <a href=\"https:\/\/www.futboltotal.com.mx\/2017\/05\/villarreal-tendria-en-la-mira-a-andre-pierre-gignac\/\" target=\"_blank\" rel=\"noopener noreferrer\"><span style=\"color: #333399;\"><strong>Villarreal<\/strong><\/span><\/a> de <strong>Espa\u00f1a<\/strong> hasta 2019, se especula que <strong>Am\u00e9rica<\/strong> buscar\u00eda al jugador a pr\u00e9stamo o intentar\u00eda comprarlo, sin embargo, el jugador tiene una cl\u00e1usula de rescisi\u00f3n tasada en 34 millones de d\u00f3lares, cifra que sobrepasa el presupuesto del cuadro americanista, pero har\u00edan una oferta de 12 millones de d\u00f3lares.<\/p>\n<p>Los fichajes de los jugadores que militan en el extranjero terminan a finales de agosto, por lo que la instituci\u00f3n tendr\u00eda a\u00fan tiempo para realizar la operaci\u00f3n.<\/p>\n<p style=\"text-align: center;\"><a href=\"https:\/\/www.futboltotal.com.mx\/2017\/07\/tigres-hara-gary-medel-sea-los-mejores-pagados-en-liga-mx\/\" target=\"_blank\" rel=\"noopener noreferrer\"><span style=\"color: #333399;\">VER M\u00c1S:\u00a0Tigres har\u00e1 que Gary Medel sea de los mejores pagados en Liga MX<\/span><\/a><\/p>\n<p>De acuerdo con el medio, <strong>Am\u00e9rica<\/strong> buscar\u00eda integrar en un futuro a <strong>Giovani<\/strong> y a<strong> Zizinho<\/strong>, por lo pronto no hay nada oficial y en los pr\u00f3ximos d\u00edas podr\u00eda darse alg\u00fan comunicado afirmando o negando el inter\u00e9s.<\/p>\n","protected":false},"excerpt":{"rendered":"<p>Am\u00e9rica en busca de los Dos Santos<\/p>\n","protected":false},"author":20,"featured_media":487602,"comment_status":"closed","ping_status":"closed","sticky":false,"template":"","format":"standard","meta":[],"categories":[5,7740,2198,3845],"tags":[5959,3709,5982,48,2607,8526],"_links":{"self":[{"href":"http:\/\/desarrollo.grupomedios.com\/futbol\/wp-json\/wp\/v2\/posts\/487596"}],"collection":[{"href":"http:\/\/desarrollo.grupomedios.com\/futbol\/wp-json\/wp\/v2\/posts"}],"about":[{"href":"http:\/\/desarrollo.grupomedios.com\/futbol\/wp-json\/wp\/v2\/types\/post"}],"author":[{"embeddable":true,"href":"http:\/\/desarrollo.grupomedios.com\/futbol\/wp-json\/wp\/v2\/users\/20"}],"replies":[{"embeddable":true,"href":"http:\/\/desarrollo.grupomedios.com\/futbol\/wp-json\/wp\/v2\/comments?post=487596"}],"version-history":[{"count":1,"href":"http:\/\/desarrollo.grupomedios.com\/futbol\/wp-json\/wp\/v2\/posts\/487596\/revisions"}],"predecessor-version":[{"id":487599,"href":"http:\/\/desarrollo.grupomedios.com\/futbol\/wp-json\/wp\/v2\/posts\/487596\/revisions\/487599"}],"wp:featuredmedia":[{"embeddable":true,"href":"http:\/\/desarrollo.grupomedios.com\/futbol\/wp-json\/wp\/v2\/media\/487602"}],"wp:attachment":[{"href":"http:\/\/desarrollo.grupomedios.com\/futbol\/wp-json\/wp\/v2\/media?parent=487596"}],"wp:term":[{"taxonomy":"category","embeddable":true,"href":"http:\/\/desarrollo.grupomedios.com\/futbol\/wp-json\/wp\/v2\/categories?post=487596"},{"taxonomy":"post_tag","embeddable":true,"href":"http:\/\/desarrollo.grupomedios.com\/futbol\/wp-json\/wp\/v2\/tags?post=487596"}],"curies":[{"name":"wp","href":"https:\/\/api.w.org\/{rel}","templated":true}]}}