{"id":487603,"date":"2017-07-10T13:46:49","date_gmt":"2017-07-10T18:46:49","guid":{"rendered":"https:\/\/www.futboltotal.com.mx\/?p=487603"},"modified":"2017-07-10T13:46:49","modified_gmt":"2017-07-10T18:46:49","slug":"jurgen-damm-dejaria-tigres-ir-a-la-lazio","status":"publish","type":"post","link":"http:\/\/desarrollo.grupomedios.com\/futbol\/destacado-home\/jurgen-damm-dejaria-tigres-ir-a-la-lazio\/2017\/07","title":{"rendered":"J\u00fcrgen Damm dejar\u00eda Tigres para ir a la Lazio"},"content":{"rendered":"<p>El mexicano <strong>J\u00fcrgen Damm<\/strong> sigue despertando inter\u00e9s en Europa y ahora un equipo del futbol italiano ser\u00eda el destino del todav\u00eda jugador de Tigres.<\/p>\n<p>La Lazio ser\u00eda el equipo interesado en <strong>Damm<\/strong> y el equipo de la capital romana invertir\u00eda hasta 10 millones de d\u00f3lares por el 70 por ciento del pase del ex jugador del Pachuca.<\/p>\n<p style=\"text-align: center;\"><span style=\"color: #3366ff;\"><a style=\"color: #3366ff;\" href=\"https:\/\/www.futboltotal.com.mx\/2017\/07\/america-busca-repatriar-jonathan-dos-santos\/\">VER M\u00c1S: Am\u00e9rica prepara \u2018Bombazo\u2019 repatriando a jugador mexicano<\/a><\/span><\/p>\n<p>El propio jugador ha manifestado durante este su participaci\u00f3n en la Copa Confederaciones la intenci\u00f3n de jugar en Europa y ha sido vinculado con varios equipos, incluso en la Liga MX donde se rumoraba que pod\u00eda pasar a Chivas.<\/p>\n<p><strong>J\u00fcrgen Damm<\/strong> lleg\u00f3 a los <strong>Tigres<\/strong> en 2015 por 10 millones de d\u00f3lares, cuando el jugador estaba tazado en 1.4 millones de d\u00f3lares y con el equipo felino ha marcado nueve goles y ha hecho 10 asistencias en cuatro torneos con los dirigidos por Ricardo Ferretti.<\/p>\n<p style=\"text-align: center;\"><span style=\"color: #3366ff;\"><a style=\"color: #3366ff;\" href=\"https:\/\/www.futboltotal.com.mx\/2017\/07\/los-peores-equipos-alternos-la-seleccion-mexicana\/\">VER M\u00c1S: Los peores equipos alternos de la Selecci\u00f3n Mexicana<\/a><\/span><\/p>\n","protected":false},"excerpt":{"rendered":"<p>El jugador ya ha manifestado su inter\u00e9s por jugar en Europa.<\/p>\n","protected":false},"author":20,"featured_media":481776,"comment_status":"closed","ping_status":"closed","sticky":false,"template":"","format":"standard","meta":[],"categories":[5,3839,2198,3845],"tags":[6214,1916,1068,64,5973],"_links":{"self":[{"href":"http:\/\/desarrollo.grupomedios.com\/futbol\/wp-json\/wp\/v2\/posts\/487603"}],"collection":[{"href":"http:\/\/desarrollo.grupomedios.com\/futbol\/wp-json\/wp\/v2\/posts"}],"about":[{"href":"http:\/\/desarrollo.grupomedios.com\/futbol\/wp-json\/wp\/v2\/types\/post"}],"author":[{"embeddable":true,"href":"http:\/\/desarrollo.grupomedios.com\/futbol\/wp-json\/wp\/v2\/users\/20"}],"replies":[{"embeddable":true,"href":"http:\/\/desarrollo.grupomedios.com\/futbol\/wp-json\/wp\/v2\/comments?post=487603"}],"version-history":[{"count":1,"href":"http:\/\/desarrollo.grupomedios.com\/futbol\/wp-json\/wp\/v2\/posts\/487603\/revisions"}],"predecessor-version":[{"id":487607,"href":"http:\/\/desarrollo.grupomedios.com\/futbol\/wp-json\/wp\/v2\/posts\/487603\/revisions\/487607"}],"wp:featuredmedia":[{"embeddable":true,"href":"http:\/\/desarrollo.grupomedios.com\/futbol\/wp-json\/wp\/v2\/media\/481776"}],"wp:attachment":[{"href":"http:\/\/desarrollo.grupomedios.com\/futbol\/wp-json\/wp\/v2\/media?parent=487603"}],"wp:term":[{"taxonomy":"category","embeddable":true,"href":"http:\/\/desarrollo.grupomedios.com\/futbol\/wp-json\/wp\/v2\/categories?post=487603"},{"taxonomy":"post_tag","embeddable":true,"href":"http:\/\/desarrollo.grupomedios.com\/futbol\/wp-json\/wp\/v2\/tags?post=487603"}],"curies":[{"name":"wp","href":"https:\/\/api.w.org\/{rel}","templated":true}]}}