{"id":487617,"date":"2017-07-10T14:35:27","date_gmt":"2017-07-10T19:35:27","guid":{"rendered":"https:\/\/www.futboltotal.com.mx\/?p=487617"},"modified":"2017-07-10T14:35:27","modified_gmt":"2017-07-10T19:35:27","slug":"valencia-tuvo-su-primera-practica-con-tigres","status":"publish","type":"post","link":"http:\/\/desarrollo.grupomedios.com\/futbol\/futbol-mexicano\/valencia-tuvo-su-primera-practica-con-tigres\/2017\/07","title":{"rendered":"Enner Valencia ya entren\u00f3 con Tigres"},"content":{"rendered":"<p>El futbolista ecuatoriano, <a href=\"https:\/\/www.futboltotal.com.mx\/2017\/07\/valencia-aprueba-examenes-tigres\/\" target=\"_blank\" rel=\"noopener noreferrer\"><span style=\"color: #333399;\"><strong>Enner Valencia<\/strong><\/span><\/a>, se incorpor\u00f3 a los trabajos de <a href=\"https:\/\/www.futboltotal.com.mx\/2017\/07\/jurgen-damm-dejaria-tigres-ir-a-la-lazio\/\" target=\"_blank\" rel=\"noopener noreferrer\"><span style=\"color: #333399;\"><strong>Tigres<\/strong><\/span><\/a>, de cara al duelo que encarar\u00e1n ante <a href=\"https:\/\/www.futboltotal.com.mx\/2017\/07\/guadajalajara-presume-chivastv-2-0\/\" target=\"_blank\" rel=\"noopener noreferrer\"><span style=\"color: #333399;\"><strong>Chivas<\/strong> <\/span><\/a>por el <strong>Campe\u00f3n de Campeones<\/strong>. Tres d\u00edas despu\u00e9s har\u00e1n lo propio ante la<a href=\"https:\/\/www.futboltotal.com.mx\/2017\/07\/juventus-presenta-su-nuevo-uniforme-de-visitante\/\" target=\"_blank\" rel=\"noopener noreferrer\"><span style=\"color: #333399;\"><strong> Juventus<\/strong><\/span><\/a> por la <a href=\"https:\/\/www.futboltotal.com.mx\/2016\/02\/canelo-alvarez-sera-patrocinado-por-tecate\/\" target=\"_blank\" rel=\"noopener noreferrer\"><span style=\"color: #333399;\"><strong>Copa Tecate<\/strong><\/span><\/a> y el 23 de julio har\u00e1n su debut en el <a href=\"https:\/\/www.futboltotal.com.mx\/2017\/07\/calendario-completo-la-copa-mx-apertura-2017\/\" target=\"_blank\" rel=\"noopener noreferrer\"><span style=\"color: #333399;\"><strong>Apertura 2017<\/strong> <\/span><\/a>ante <strong>Puebla<\/strong>.<\/p>\n<p style=\"text-align: center;\"><a href=\"https:\/\/www.futboltotal.com.mx\/2017\/07\/guido-pizarro-cumplio-sueno-fue-presentado-sevilla\/\" target=\"_blank\" rel=\"noopener noreferrer\"><span style=\"color: #333399;\">VER M\u00c1S:\u00a0Guido Pizarro \u2018cumpli\u00f3 su sue\u00f1o\u2019 y fue presentado con el Sevilla<\/span><\/a><\/p>\n<p>Los grandes ausentes en el entrenamiento fueron <a href=\"https:\/\/www.futboltotal.com.mx\/2017\/07\/eduardo-vargas-saldria-de-tigres-para-jugar-en-brasil\/\" target=\"_blank\" rel=\"noopener noreferrer\"><span style=\"color: #333399;\"><strong>Eduardo Vargas<\/strong><\/span><\/a> y <a href=\"https:\/\/www.futboltotal.com.mx\/2017\/07\/gignac-dijo-que-hijo-de-juninho-sera-futuro-de-tigres\/\" target=\"_blank\" rel=\"noopener noreferrer\"><span style=\"color: #333399;\"><strong>Andr\u00e9-Pierre Gignac<\/strong><\/span><\/a>, quienes realizaron los ex\u00e1menes m\u00e9dicos. Los dirigidos por Ricardo Ferretti buscar\u00e1n un nuevo t\u00edtulo de liga en el pr\u00f3ximo certamen, luego de caer ante Chivas en la final del Clausura 2017.<\/p>\n<p>&nbsp;<\/p>\n<blockquote class=\"twitter-tweet\" data-lang=\"es\">\n<p dir=\"ltr\" lang=\"es\">Con la incorporaci\u00f3n de <a href=\"https:\/\/twitter.com\/EnnerValencia14\">@EnnerValencia14<\/a> al entrenamiento, el equipo abre trabajos de la semana. <a href=\"https:\/\/t.co\/HzHrZTyt5d\">pic.twitter.com\/HzHrZTyt5d<\/a><\/p>\n<p>\u2014 CLUB TIGRES OFICIAL (@TigresOficial) <a href=\"https:\/\/twitter.com\/TigresOficial\/status\/884414852973961217\">10 de julio de 2017<\/a><\/p><\/blockquote>\n<p><script async src=\"\/\/platform.twitter.com\/widgets.js\" charset=\"utf-8\"><\/script><\/p>\n","protected":false},"excerpt":{"rendered":"<p>Valencia se puso a las \u00f3rdenes del &#8216;Tuca&#8217;<\/p>\n","protected":false},"author":20,"featured_media":487618,"comment_status":"closed","ping_status":"closed","sticky":false,"template":"","format":"standard","meta":[],"categories":[3839,2198,3845],"tags":[5564,8357,70,9324,8982,5994,6108,5999,5973],"_links":{"self":[{"href":"http:\/\/desarrollo.grupomedios.com\/futbol\/wp-json\/wp\/v2\/posts\/487617"}],"collection":[{"href":"http:\/\/desarrollo.grupomedios.com\/futbol\/wp-json\/wp\/v2\/posts"}],"about":[{"href":"http:\/\/desarrollo.grupomedios.com\/futbol\/wp-json\/wp\/v2\/types\/post"}],"author":[{"embeddable":true,"href":"http:\/\/desarrollo.grupomedios.com\/futbol\/wp-json\/wp\/v2\/users\/20"}],"replies":[{"embeddable":true,"href":"http:\/\/desarrollo.grupomedios.com\/futbol\/wp-json\/wp\/v2\/comments?post=487617"}],"version-history":[{"count":1,"href":"http:\/\/desarrollo.grupomedios.com\/futbol\/wp-json\/wp\/v2\/posts\/487617\/revisions"}],"predecessor-version":[{"id":487619,"href":"http:\/\/desarrollo.grupomedios.com\/futbol\/wp-json\/wp\/v2\/posts\/487617\/revisions\/487619"}],"wp:featuredmedia":[{"embeddable":true,"href":"http:\/\/desarrollo.grupomedios.com\/futbol\/wp-json\/wp\/v2\/media\/487618"}],"wp:attachment":[{"href":"http:\/\/desarrollo.grupomedios.com\/futbol\/wp-json\/wp\/v2\/media?parent=487617"}],"wp:term":[{"taxonomy":"category","embeddable":true,"href":"http:\/\/desarrollo.grupomedios.com\/futbol\/wp-json\/wp\/v2\/categories?post=487617"},{"taxonomy":"post_tag","embeddable":true,"href":"http:\/\/desarrollo.grupomedios.com\/futbol\/wp-json\/wp\/v2\/tags?post=487617"}],"curies":[{"name":"wp","href":"https:\/\/api.w.org\/{rel}","templated":true}]}}