{"id":487620,"date":"2017-07-10T14:55:53","date_gmt":"2017-07-10T19:55:53","guid":{"rendered":"https:\/\/www.futboltotal.com.mx\/?p=487620"},"modified":"2017-07-10T14:55:53","modified_gmt":"2017-07-10T19:55:53","slug":"chelsea-borra-a-diego-costa","status":"publish","type":"post","link":"http:\/\/desarrollo.grupomedios.com\/futbol\/futbol-internacional\/chelsea-borra-a-diego-costa\/2017\/07","title":{"rendered":"Chelsea borra a Diego Costa"},"content":{"rendered":"<p><a href=\"https:\/\/www.futboltotal.com.mx\/2017\/06\/diego-costa-revela-seguira-en-chelsea\/\" target=\"_blank\" rel=\"noopener noreferrer\"><span style=\"color: #333399;\"><strong>Diego Costa<\/strong><\/span><\/a> no se present\u00f3 al primer entrenamiento del <a href=\"https:\/\/www.futboltotal.com.mx\/2017\/07\/chelsea-se-roba-a-companero-moreno-en-la-central-la-roma\/\" target=\"_blank\" rel=\"noopener noreferrer\"><span style=\"color: #333399;\"><strong>Chelsea<\/strong><\/span><\/a> de cara a la pr\u00f3xima campa\u00f1a, mientras tanto, los rumores sobre su salida siguen a la orden del d\u00eda.<\/p>\n<p>De acuerdo con la agencia brit\u00e1nica Press Association, el delantero y los <em>Blues<\/em> acordaron que el espa\u00f1ol se integre m\u00e1s tarde a los trabajos, mientras se resuelve su futuro.<\/p>\n<p style=\"text-align: center;\"><a href=\"https:\/\/www.futboltotal.com.mx\/2017\/07\/valencia-tuvo-su-primera-practica-con-tigres\/\" target=\"_blank\" rel=\"noopener noreferrer\"><span style=\"color: #333399;\">VER M\u00c1S:\u00a0Enner Valencia ya entren\u00f3 con Tigres<\/span><\/a><\/p>\n<p>Tambi\u00e9n se desconoce si <strong>Costa<\/strong> viajar\u00e1 con el equipo a <strong>China<\/strong> y <strong>Singapur<\/strong>, donde sostendr\u00e1n algunos juegos de preparaci\u00f3n. El atacante declar\u00f3 al t\u00e9rmino de la temporada pasada que el t\u00e9cnico <a href=\"https:\/\/www.futboltotal.com.mx\/2016\/07\/italia-presento-a-nuevo-entrenador\/\" target=\"_blank\" rel=\"noopener noreferrer\"><span style=\"color: #333399;\"><strong>Antonio Conte<\/strong><\/span><\/a>, no cuenta con \u00e9l, y desde entonces se especula su posible regreso al <a href=\"https:\/\/www.futboltotal.com.mx\/2017\/07\/fernando-torres-quisiera-retirarse-en-el-atletico\/\" target=\"_blank\" rel=\"noopener noreferrer\"><span style=\"color: #333399;\"><strong>Atl\u00e9tico de Madrid.<\/strong><\/span><\/a><\/p>\n<p><strong>Costa<\/strong> parece haber sido borrado por completo del conjunto de <strong>Stamford Bridge<\/strong>, luego de que <strong>Chelsea<\/strong> lanzar\u00e1 su v\u00eddeo para la campa\u00f1a 2017-18, en el que aparecen los goles de las estrellas del conjunto ingl\u00e9s, salvo los del jugador espa\u00f1ol, \u00fanicamente aparece al final del v\u00eddeo y en segundo plano.<\/p>\n<p style=\"text-align: center;\"><a href=\"https:\/\/www.futboltotal.com.mx\/2017\/07\/monterrey-sigue-tras-miguel-layun\/\" target=\"_blank\" rel=\"noopener noreferrer\"><span style=\"color: #333399;\">VER M\u00c1S:\u00a0Monterrey sigue tras Miguel Lay\u00fan<\/span><\/a><\/p>\n<p>&nbsp;<\/p>\n<blockquote class=\"twitter-video\" data-lang=\"es\">\n<p dir=\"ltr\" lang=\"en\">It all starts again today! Pre-season is underway&#8230;<a href=\"https:\/\/twitter.com\/hashtag\/mondaymotivation?src=hash\">#mondaymotivation<\/a> <a href=\"https:\/\/t.co\/0mjGbPoyjt\">pic.twitter.com\/0mjGbPoyjt<\/a><\/p>\n<p>\u2014 Chelsea FC (@ChelseaFC) <a href=\"https:\/\/twitter.com\/ChelseaFC\/status\/884456750698647552\">10 de julio de 2017<\/a><\/p><\/blockquote>\n<p><script async src=\"\/\/platform.twitter.com\/widgets.js\" charset=\"utf-8\"><\/script><\/p>\n","protected":false},"excerpt":{"rendered":"<p>Diego Costa no cuenta m\u00e1s para el Chelsea y hasta de su v\u00eddeo lo borran.<\/p>\n","protected":false},"author":20,"featured_media":482504,"comment_status":"closed","ping_status":"closed","sticky":false,"template":"","format":"standard","meta":[],"categories":[5419,3839,3846],"tags":[2354,6007,5981,3205],"_links":{"self":[{"href":"http:\/\/desarrollo.grupomedios.com\/futbol\/wp-json\/wp\/v2\/posts\/487620"}],"collection":[{"href":"http:\/\/desarrollo.grupomedios.com\/futbol\/wp-json\/wp\/v2\/posts"}],"about":[{"href":"http:\/\/desarrollo.grupomedios.com\/futbol\/wp-json\/wp\/v2\/types\/post"}],"author":[{"embeddable":true,"href":"http:\/\/desarrollo.grupomedios.com\/futbol\/wp-json\/wp\/v2\/users\/20"}],"replies":[{"embeddable":true,"href":"http:\/\/desarrollo.grupomedios.com\/futbol\/wp-json\/wp\/v2\/comments?post=487620"}],"version-history":[{"count":1,"href":"http:\/\/desarrollo.grupomedios.com\/futbol\/wp-json\/wp\/v2\/posts\/487620\/revisions"}],"predecessor-version":[{"id":487621,"href":"http:\/\/desarrollo.grupomedios.com\/futbol\/wp-json\/wp\/v2\/posts\/487620\/revisions\/487621"}],"wp:featuredmedia":[{"embeddable":true,"href":"http:\/\/desarrollo.grupomedios.com\/futbol\/wp-json\/wp\/v2\/media\/482504"}],"wp:attachment":[{"href":"http:\/\/desarrollo.grupomedios.com\/futbol\/wp-json\/wp\/v2\/media?parent=487620"}],"wp:term":[{"taxonomy":"category","embeddable":true,"href":"http:\/\/desarrollo.grupomedios.com\/futbol\/wp-json\/wp\/v2\/categories?post=487620"},{"taxonomy":"post_tag","embeddable":true,"href":"http:\/\/desarrollo.grupomedios.com\/futbol\/wp-json\/wp\/v2\/tags?post=487620"}],"curies":[{"name":"wp","href":"https:\/\/api.w.org\/{rel}","templated":true}]}}